{"id":5940,"date":"2022-06-01T10:17:00","date_gmt":"2022-06-01T08:17:00","guid":{"rendered":"https:\/\/glifing.com\/glifing\/?p=5940"},"modified":"2025-12-18T20:34:14","modified_gmt":"2025-12-18T19:34:14","slug":"fracas-escolar-7-trastorns-especifics-de-laprenentatge","status":"publish","type":"post","link":"https:\/\/glifing.com\/ca\/blog\/fracas-escolar-7-trastorns-especifics-de-laprenentatge\/","title":{"rendered":"Frac\u00e0s escolar: 7 trastorns espec\u00edfics de l&#8217;aprenentatge"},"content":{"rendered":"<p>Els trastorns de l&#8217;aprenentatge s\u00f3n causa freq\u00fcent de frac\u00e0s escolar.<\/p>\n<p><img fetchpriority=\"high\" decoding=\"async\" class=\"wp-image-5939 aligncenter\" src=\"https:\/\/glifing.com\/glifing\/wp-content\/uploads\/2021\/02\/fracaso-escolar-300x169.jpg\" alt=\"trastornos del aprendizaje, trastorns de l'aprenentatge\" width=\"506\" height=\"285\" srcset=\"https:\/\/glifing.com\/wp-content\/uploads\/2021\/02\/fracaso-escolar-300x169.jpg 300w, https:\/\/glifing.com\/wp-content\/uploads\/2021\/02\/fracaso-escolar-600x338.jpg 600w, https:\/\/glifing.com\/wp-content\/uploads\/2021\/02\/fracaso-escolar-1024x576.jpg 1024w, https:\/\/glifing.com\/wp-content\/uploads\/2021\/02\/fracaso-escolar-768x432.jpg 768w, https:\/\/glifing.com\/wp-content\/uploads\/2021\/02\/fracaso-escolar.jpg 1280w\" sizes=\"(max-width: 506px) 100vw, 506px\" \/><\/p>\n<p>S\u00f3n trastorns de base neurobiol\u00f2gica, sovint amb un component gen\u00e8tic, que condicionen que un infant amb un nivell normal d&#8217;intel\u00b7lig\u00e8ncia, tot i rebre una instrucci\u00f3 adequada, aconsegueixi avan\u00e7ar en un o m\u00e9s aprenentatges de manera adequada.<\/p>\n<p>Afecten molts infants en edat escolar: probablement hi ha alumnes amb algun trastorn de l\u2019aprenentatge a totes les aules. La prevalen\u00e7a se situa entre el 5 i el 15 % de la poblaci\u00f3 en edat escolar.<\/p>\n<p>Les dificultats que presenten els alumnes amb un trastorn de l\u2019aprenentatge no s\u00f3n transit\u00f2ries, sin\u00f3 que s\u00f3n persistents i tenen una repercussi\u00f3 negativa en el progr\u00e9s de l\u2019infant durant tota l&#8217;escolaritat.<\/p>\n<p>Els trastorns espec\u00edfics d\u2019aprenentatge poden afectar el llenguatge oral, el llenguatge escrit, el c\u00e0lcul matem\u00e0tic\u2026<\/p>\n<p>A vegades el problema rau en la capacitat per prestar atenci\u00f3, concentrar-se o aprendre a organitzar i planificar adequadament les tasques.<\/p>\n<p>D\u2019altres vegades, en canvi, la discapacitat se situa en l&#8217;esfera de la conducta: dificultat per controlar els impulsos i l&#8217;activitat motriu, o en la destresa per a la motricitat fina i l&#8217;orientaci\u00f3 en l&#8217;espai.<\/p>\n<p>La reeducaci\u00f3 durant l&#8217;educaci\u00f3 prim\u00e0ria pret\u00e9n millorar la capacitat de l\u2019infant per a un determinat aprenentatge incidint en les funcions cerebrals deficit\u00e0ries.<\/p>\n<p>Principals trastorns espec\u00edfics de l\u2019aprenentatge:<\/p>\n<p>Trastorn del desenvolupament del llenguatge (TDL)<\/p>\n<p>Els TDL, o les disf\u00e0sies, s\u00f3n una dificultat en l&#8217;adquisici\u00f3 del llenguatge sense cap causa aparent. La prevalen\u00e7a en l&#8217;\u00e0mbit escolar \u00e9s del 2 %.<\/p>\n<h2>Disl\u00e8xia<\/h2>\n<p>La disl\u00e8xia \u00e9s una dificultat inesperada per adquirir la lectura, que presenten alguns infants amb intel\u00b7lig\u00e8ncia, motivaci\u00f3 i escolaritzaci\u00f3 adequada.<\/p>\n<p>La disl\u00e8xia \u00e9s el trastorn d&#8217;aprenentatge m\u00e9s estudiat i el de prevalen\u00e7a m\u00e9s elevada: entre un 5 i un 17 %.<\/p>\n<h2>TDAH<\/h2>\n<p>El trastorn per d\u00e8ficit d\u2019atenci\u00f3 amb hiperactivitat o sense, \u00e9s un trastorn d&#8217;origen neurobiol\u00f2gic.<\/p>\n<p>Els s\u00edmptomes del TDAH comencen en la inf\u00e0ncia i es caracteritzen per:<br \/>&#8211; Una activitat motriu excessiva<br \/>&#8211; Impulsivitat<br \/>&#8211; Manca d&#8217;atenci\u00f3<\/p>\n<p>Afecta entre un 5 i un 10 % de la poblaci\u00f3.<\/p>\n<p>Aquesta dada indica que probablement en totes les aules escolars hi ha, almenys, un infant amb TDAH. Els estudis epidemiol\u00f2gics de diferents pa\u00efsos donen percentatges de prevalen\u00e7a similars.<\/p>\n<h2>Discalc\u00falia<\/h2>\n<p>La discalc\u00falia \u00e9s una dificultat espec\u00edfica en l&#8217;aprenentatge de l&#8217;aritm\u00e8tica, de base neurobiol\u00f2gica i probablement gen\u00e8tica.<br \/>La prevalen\u00e7a de la discalc\u00falia se situa entre el 3 i el 6 % de la poblaci\u00f3 escolar i no sembla que hi hagi difer\u00e8ncies de g\u00e8nere.<\/p>\n<h2>TANV<\/h2>\n<p>El trastorn de l&#8217;aprenentatge no verbal \u00e9s un trastorn del neurodesenvolupament que afecta la coordinaci\u00f3 motriu, la integraci\u00f3 visuoespacial, les habilitats psicosocials i els aprenentatges escolars.<br \/>\u00c9s el menys conegut dels trastorns de l&#8217;aprenentatge, i per aix\u00f2, probablement, est\u00e0 infradiagnosticat.<br \/>El desconeixement d&#8217;aquest trastorn, tant en l&#8217;\u00e0mbit m\u00e8dic com en el psicol\u00f2gic i pedag\u00f2gic, fa que molts d&#8217;aquests infants estiguin sense diagnosticar i, per tant, sense rebre les ajudes educatives necess\u00e0ries.<\/p>\n<h2>Disgrafia<\/h2>\n<p>Trastorn de l&#8217;expressi\u00f3 escrita, lletra poc polida o fins i tot il\u00b7legible.<\/p>\n<h2>Disortografia<\/h2>\n<p>Dificultats a l&#8217;hora d&#8217;aplicar les normes ortogr\u00e0fiques.<\/p>\n<p>El diagn\u00f2stic preco\u00e7 en els trastorns de l&#8217;aprenentatge influeix en el pron\u00f2stic<\/p>\n<p>El pron\u00f2stic d&#8217;aquests trastorns de l&#8217;aprenentatge dep\u00e8n de la detecci\u00f3 i el tractament preco\u00e7, i tamb\u00e9 de l&#8217;adaptaci\u00f3 escolar.<\/p>\n<p>La flexibilitat dels curr\u00edculums educatius, especialment pel que fa als procediments, \u00e9s imprescindible, a m\u00e9s a m\u00e9s de la coordinaci\u00f3 entre l&#8217;escola, la fam\u00edlia i els especialistes que duen a terme el diagn\u00f2stic i la reeducaci\u00f3.<\/p>\n<p>Si voleu aprofundir en cada un d\u2019aquests trastorns, aix\u00ed com con\u00e8ixer la guia de recomanacions escolars i per a la fam\u00edlia, us recomanem que accediu a l\u2019enlla\u00e7 de l\u2019informe Faros que trobareu a continuaci\u00f3.<\/p>\n<p><a href=\"https:\/\/faros.hsjdbcn.org\/sites\/default\/files\/informe_faros_04_tot_cast_baixa.pdf\" target=\"_blank\" rel=\"noopener noreferrer\">Informe Faros, Hospital Sant Joan de D\u00e9u<\/a><\/p>\n<p style=\"text-align: center;\"><strong>Glifing una de les millors eines per ensenyar a llegir<\/strong><\/p>\n<p><a href=\"https:\/\/lectura.glifing.com\/Demo-Glifing-gratis-ca\" target=\"_blank\" rel=\"noopener\"><img decoding=\"async\" class=\"size-medium wp-image-16729 aligncenter\" src=\"https:\/\/glifing.com\/glifing\/wp-content\/uploads\/2021\/07\/DEMO-SESIONES-GRATIS-CAT-300x67.png\" alt=\"Demo sessions Glifing gratis\" width=\"300\" height=\"67\" srcset=\"https:\/\/glifing.com\/wp-content\/uploads\/2021\/07\/DEMO-SESIONES-GRATIS-CAT-300x67.png 300w, https:\/\/glifing.com\/wp-content\/uploads\/2021\/07\/DEMO-SESIONES-GRATIS-CAT-1024x227.png 1024w, https:\/\/glifing.com\/wp-content\/uploads\/2021\/07\/DEMO-SESIONES-GRATIS-CAT-768x170.png 768w, https:\/\/glifing.com\/wp-content\/uploads\/2021\/07\/DEMO-SESIONES-GRATIS-CAT-1536x341.png 1536w, https:\/\/glifing.com\/wp-content\/uploads\/2021\/07\/DEMO-SESIONES-GRATIS-CAT-600x133.png 600w, https:\/\/glifing.com\/wp-content\/uploads\/2021\/07\/DEMO-SESIONES-GRATIS-CAT.png 2000w\" sizes=\"(max-width: 300px) 100vw, 300px\" \/><\/a><\/p>\n<p>Voleu saber com podem ajudar amb les dificultats de l&#8217;aprenentatge?<a href=\"https:\/\/glifing.com\/glifing\/ca\/contacte-cat\/\" target=\"_blank\" rel=\"noopener\"><span style=\"color: #ff9900;\"><strong> contacta amb nosaltres<\/strong><\/span><\/a><\/p>\n\n\n<figure class=\"wp-block-image size-full is-resized\"><a href=\"https:\/\/d25ltszcjeom5i.cloudfront.net\/104597\/tgczoafuim\/10_COSES_online_links_cat.pdf\" target=\"_blank\" rel=\" noreferrer noopener\"><img decoding=\"async\" width=\"500\" height=\"375\" src=\"https:\/\/glifing.com\/glifing\/wp-content\/uploads\/2020\/12\/Ebook-10-cosas-Catalan.png\" alt=\"Ebook 10 cosas Catalan\" class=\"wp-image-14836\" style=\"width:305px;height:auto\" srcset=\"https:\/\/glifing.com\/wp-content\/uploads\/2020\/12\/Ebook-10-cosas-Catalan.png 500w, https:\/\/glifing.com\/wp-content\/uploads\/2020\/12\/Ebook-10-cosas-Catalan-300x225.png 300w\" sizes=\"(max-width: 500px) 100vw, 500px\" \/><\/a><\/figure>\n\n\n\n<p><\/p>\n","protected":false},"excerpt":{"rendered":"<p>Els trastorns de l&#8217;aprenentatge s\u00f3n causa freq\u00fcent de frac\u00e0s escolar. S\u00f3n trastorns de base neurobiol\u00f2gica, sovint amb un component gen\u00e8tic, que condicionen que un infant amb un nivell normal d&#8217;intel\u00b7lig\u00e8ncia, tot i rebre una instrucci\u00f3 adequada, aconsegueixi avan\u00e7ar en un o m\u00e9s aprenentatges de manera adequada. Afecten molts infants en edat escolar: probablement hi ha [&hellip;]<\/p>\n","protected":false},"author":1,"featured_media":5939,"comment_status":"closed","ping_status":"open","sticky":false,"template":"","format":"standard","meta":{"_acf_changed":false,"_monsterinsights_skip_tracking":false,"_monsterinsights_sitenote_active":false,"_monsterinsights_sitenote_note":"","_monsterinsights_sitenote_category":0,"ocean_post_layout":"full-width","ocean_both_sidebars_style":"","ocean_both_sidebars_content_width":0,"ocean_both_sidebars_sidebars_width":0,"ocean_sidebar":"0","ocean_second_sidebar":"0","ocean_disable_margins":"on","ocean_add_body_class":"","ocean_shortcode_before_top_bar":"","ocean_shortcode_after_top_bar":"","ocean_shortcode_before_header":"","ocean_shortcode_after_header":"","ocean_has_shortcode":"","ocean_shortcode_after_title":"","ocean_shortcode_before_footer_widgets":"","ocean_shortcode_after_footer_widgets":"","ocean_shortcode_before_footer_bottom":"","ocean_shortcode_after_footer_bottom":"","ocean_display_top_bar":"default","ocean_display_header":"default","ocean_header_style":"","ocean_center_header_left_menu":"0","ocean_custom_header_template":"0","ocean_custom_logo":0,"ocean_custom_retina_logo":0,"ocean_custom_logo_max_width":0,"ocean_custom_logo_tablet_max_width":0,"ocean_custom_logo_mobile_max_width":0,"ocean_custom_logo_max_height":0,"ocean_custom_logo_tablet_max_height":0,"ocean_custom_logo_mobile_max_height":0,"ocean_header_custom_menu":"0","ocean_menu_typo_font_family":"0","ocean_menu_typo_font_subset":"","ocean_menu_typo_font_size":0,"ocean_menu_typo_font_size_tablet":0,"ocean_menu_typo_font_size_mobile":0,"ocean_menu_typo_font_size_unit":"px","ocean_menu_typo_font_weight":"","ocean_menu_typo_font_weight_tablet":"","ocean_menu_typo_font_weight_mobile":"","ocean_menu_typo_transform":"","ocean_menu_typo_transform_tablet":"","ocean_menu_typo_transform_mobile":"","ocean_menu_typo_line_height":0,"ocean_menu_typo_line_height_tablet":0,"ocean_menu_typo_line_height_mobile":0,"ocean_menu_typo_line_height_unit":"","ocean_menu_typo_spacing":0,"ocean_menu_typo_spacing_tablet":0,"ocean_menu_typo_spacing_mobile":0,"ocean_menu_typo_spacing_unit":"","ocean_menu_link_color":"","ocean_menu_link_color_hover":"","ocean_menu_link_color_active":"","ocean_menu_link_background":"","ocean_menu_link_hover_background":"","ocean_menu_link_active_background":"","ocean_menu_social_links_bg":"","ocean_menu_social_hover_links_bg":"","ocean_menu_social_links_color":"","ocean_menu_social_hover_links_color":"","ocean_disable_title":"default","ocean_disable_heading":"default","ocean_post_title":"","ocean_post_subheading":"","ocean_post_title_style":"","ocean_post_title_background_color":"","ocean_post_title_background":0,"ocean_post_title_bg_image_position":"","ocean_post_title_bg_image_attachment":"","ocean_post_title_bg_image_repeat":"","ocean_post_title_bg_image_size":"","ocean_post_title_height":0,"ocean_post_title_bg_overlay":0.5,"ocean_post_title_bg_overlay_color":"","ocean_disable_breadcrumbs":"default","ocean_breadcrumbs_color":"","ocean_breadcrumbs_separator_color":"","ocean_breadcrumbs_links_color":"","ocean_breadcrumbs_links_hover_color":"","ocean_display_footer_widgets":"default","ocean_display_footer_bottom":"default","ocean_custom_footer_template":"0","ocean_post_oembed":"","ocean_post_self_hosted_media":"","ocean_post_video_embed":"","ocean_link_format":"","ocean_link_format_target":"self","ocean_quote_format":"","ocean_quote_format_link":"post","ocean_gallery_link_images":"off","ocean_gallery_id":[],"footnotes":""},"categories":[237],"tags":[],"class_list":["post-5940","post","type-post","status-publish","format-standard","has-post-thumbnail","hentry","category-problemes-daprenentatge","entry","has-media","owp-thumbs-layout-horizontal","owp-btn-normal","owp-tabs-layout-horizontal","has-no-thumbnails","has-product-nav"],"acf":[],"yoast_head":"<!-- This site is optimized with the Yoast SEO Premium plugin v23.7 (Yoast SEO v26.9) - https:\/\/yoast.com\/product\/yoast-seo-premium-wordpress\/ -->\n<title>Frac\u00e0s escolar: 7 trastorns espec\u00edfics de l&#039;aprenentatge - Glifing<\/title>\n<meta name=\"description\" content=\"Els trastorns de l&#039;aprenentatge s\u00f3n causa freq\u00fcent de frac\u00e0s escolar. S\u00f3n trastorns de base neurobiol\u00f2gica, sovint amb un component gen\u00e8tic.\" \/>\n<meta name=\"robots\" content=\"index, follow, max-snippet:-1, max-image-preview:large, max-video-preview:-1\" \/>\n<link rel=\"canonical\" href=\"https:\/\/glifing.com\/glifing\/ca\/blog\/fracas-escolar-7-trastorns-especifics-de-laprenentatge\/\" \/>\n<meta property=\"og:locale\" content=\"ca_ES\" \/>\n<meta property=\"og:type\" content=\"article\" \/>\n<meta property=\"og:title\" content=\"Frac\u00e0s escolar: 7 trastorns espec\u00edfics de l&#039;aprenentatge\" \/>\n<meta property=\"og:description\" content=\"Els trastorns de l&#039;aprenentatge s\u00f3n causa freq\u00fcent de frac\u00e0s escolar. S\u00f3n trastorns de base neurobiol\u00f2gica, sovint amb un component gen\u00e8tic.\" \/>\n<meta property=\"og:url\" content=\"https:\/\/glifing.com\/glifing\/ca\/blog\/fracas-escolar-7-trastorns-especifics-de-laprenentatge\/\" \/>\n<meta property=\"og:site_name\" content=\"Glifing\" \/>\n<meta property=\"article:publisher\" content=\"https:\/\/www.facebook.com\/glifing\" \/>\n<meta property=\"article:published_time\" content=\"2022-06-01T08:17:00+00:00\" \/>\n<meta property=\"article:modified_time\" content=\"2025-12-18T19:34:14+00:00\" \/>\n<meta property=\"og:image\" content=\"https:\/\/glifing.com\/wp-content\/uploads\/2021\/02\/fracaso-escolar.jpg\" \/>\n\t<meta property=\"og:image:width\" content=\"1280\" \/>\n\t<meta property=\"og:image:height\" content=\"720\" \/>\n\t<meta property=\"og:image:type\" content=\"image\/jpeg\" \/>\n<meta name=\"author\" content=\"newWebsite\" \/>\n<meta name=\"twitter:card\" content=\"summary_large_image\" \/>\n<meta name=\"twitter:creator\" content=\"@glifing\" \/>\n<meta name=\"twitter:site\" content=\"@glifing\" \/>\n<meta name=\"twitter:label1\" content=\"Escrit per\" \/>\n\t<meta name=\"twitter:data1\" content=\"newWebsite\" \/>\n\t<meta name=\"twitter:label2\" content=\"Temps estimat de lectura\" \/>\n\t<meta name=\"twitter:data2\" content=\"4 minuts\" \/>\n<script type=\"application\/ld+json\" class=\"yoast-schema-graph\">{\"@context\":\"https:\/\/schema.org\",\"@graph\":[{\"@type\":[\"Article\",\"BlogPosting\"],\"@id\":\"https:\/\/glifing.com\/glifing\/ca\/blog\/fracas-escolar-7-trastorns-especifics-de-laprenentatge\/#article\",\"isPartOf\":{\"@id\":\"https:\/\/glifing.com\/ca\/blog\/fracas-escolar-7-trastorns-especifics-de-laprenentatge\/\"},\"author\":{\"name\":\"newWebsite\",\"@id\":\"https:\/\/glifing.com\/#\/schema\/person\/0d8b4c23b988cf26bfb8d3852431aeed\"},\"headline\":\"Frac\u00e0s escolar: 7 trastorns espec\u00edfics de l&#8217;aprenentatge\",\"datePublished\":\"2022-06-01T08:17:00+00:00\",\"dateModified\":\"2025-12-18T19:34:14+00:00\",\"mainEntityOfPage\":{\"@id\":\"https:\/\/glifing.com\/ca\/blog\/fracas-escolar-7-trastorns-especifics-de-laprenentatge\/\"},\"wordCount\":728,\"publisher\":{\"@id\":\"https:\/\/glifing.com\/#organization\"},\"image\":{\"@id\":\"https:\/\/glifing.com\/glifing\/ca\/blog\/fracas-escolar-7-trastorns-especifics-de-laprenentatge\/#primaryimage\"},\"thumbnailUrl\":\"https:\/\/glifing.com\/wp-content\/uploads\/2021\/02\/fracaso-escolar.jpg\",\"articleSection\":[\"Problemes d'aprenentatge\"],\"inLanguage\":\"ca\"},{\"@type\":[\"WebPage\",\"ItemPage\"],\"@id\":\"https:\/\/glifing.com\/ca\/blog\/fracas-escolar-7-trastorns-especifics-de-laprenentatge\/\",\"url\":\"https:\/\/glifing.com\/glifing\/ca\/blog\/fracas-escolar-7-trastorns-especifics-de-laprenentatge\/\",\"name\":\"Frac\u00e0s escolar: 7 trastorns espec\u00edfics de l'aprenentatge - Glifing\",\"isPartOf\":{\"@id\":\"https:\/\/glifing.com\/#website\"},\"primaryImageOfPage\":{\"@id\":\"https:\/\/glifing.com\/glifing\/ca\/blog\/fracas-escolar-7-trastorns-especifics-de-laprenentatge\/#primaryimage\"},\"image\":{\"@id\":\"https:\/\/glifing.com\/glifing\/ca\/blog\/fracas-escolar-7-trastorns-especifics-de-laprenentatge\/#primaryimage\"},\"thumbnailUrl\":\"https:\/\/glifing.com\/wp-content\/uploads\/2021\/02\/fracaso-escolar.jpg\",\"datePublished\":\"2022-06-01T08:17:00+00:00\",\"dateModified\":\"2025-12-18T19:34:14+00:00\",\"description\":\"Els trastorns de l'aprenentatge s\u00f3n causa freq\u00fcent de frac\u00e0s escolar. S\u00f3n trastorns de base neurobiol\u00f2gica, sovint amb un component gen\u00e8tic.\",\"breadcrumb\":{\"@id\":\"https:\/\/glifing.com\/glifing\/ca\/blog\/fracas-escolar-7-trastorns-especifics-de-laprenentatge\/#breadcrumb\"},\"inLanguage\":\"ca\",\"potentialAction\":[{\"@type\":\"ReadAction\",\"target\":[\"https:\/\/glifing.com\/glifing\/ca\/blog\/fracas-escolar-7-trastorns-especifics-de-laprenentatge\/\"]}]},{\"@type\":\"ImageObject\",\"inLanguage\":\"ca\",\"@id\":\"https:\/\/glifing.com\/glifing\/ca\/blog\/fracas-escolar-7-trastorns-especifics-de-laprenentatge\/#primaryimage\",\"url\":\"https:\/\/glifing.com\/wp-content\/uploads\/2021\/02\/fracaso-escolar.jpg\",\"contentUrl\":\"https:\/\/glifing.com\/wp-content\/uploads\/2021\/02\/fracaso-escolar.jpg\",\"width\":1280,\"height\":720,\"caption\":\"trastornos del aprendizaje, trastorns de l'aprenentatge\"},{\"@type\":\"BreadcrumbList\",\"@id\":\"https:\/\/glifing.com\/glifing\/ca\/blog\/fracas-escolar-7-trastorns-especifics-de-laprenentatge\/#breadcrumb\",\"itemListElement\":[{\"@type\":\"ListItem\",\"position\":1,\"name\":\"Portada\",\"item\":\"https:\/\/glifing.com\/\"},{\"@type\":\"ListItem\",\"position\":2,\"name\":\"Frac\u00e0s escolar: 7 trastorns espec\u00edfics de l&#8217;aprenentatge\"}]},{\"@type\":\"WebSite\",\"@id\":\"https:\/\/glifing.com\/#website\",\"url\":\"https:\/\/glifing.com\/\",\"name\":\"Glifing\",\"description\":\"Entrenamiento de la lectura\",\"publisher\":{\"@id\":\"https:\/\/glifing.com\/#organization\"},\"potentialAction\":[{\"@type\":\"SearchAction\",\"target\":{\"@type\":\"EntryPoint\",\"urlTemplate\":\"https:\/\/glifing.com\/?s={search_term_string}\"},\"query-input\":{\"@type\":\"PropertyValueSpecification\",\"valueRequired\":true,\"valueName\":\"search_term_string\"}}],\"inLanguage\":\"ca\"},{\"@type\":\"Organization\",\"@id\":\"https:\/\/glifing.com\/#organization\",\"name\":\"Glifing\",\"url\":\"https:\/\/glifing.com\/\",\"logo\":{\"@type\":\"ImageObject\",\"inLanguage\":\"ca\",\"@id\":\"https:\/\/glifing.com\/#\/schema\/logo\/image\/\",\"url\":\"https:\/\/glifing.com\/wp-content\/uploads\/2022\/04\/Logo-petit-Glifing-color-claim.png\",\"contentUrl\":\"https:\/\/glifing.com\/wp-content\/uploads\/2022\/04\/Logo-petit-Glifing-color-claim.png\",\"width\":1000,\"height\":453,\"caption\":\"Glifing\"},\"image\":{\"@id\":\"https:\/\/glifing.com\/#\/schema\/logo\/image\/\"},\"sameAs\":[\"https:\/\/www.facebook.com\/glifing\",\"https:\/\/x.com\/glifing\",\"https:\/\/www.instagram.com\/glifing\/\",\"https:\/\/www.youtube.com\/channel\/UCWRD45tUQSZ1ARcZt402WwA\"]},{\"@type\":\"Person\",\"@id\":\"https:\/\/glifing.com\/#\/schema\/person\/0d8b4c23b988cf26bfb8d3852431aeed\",\"name\":\"newWebsite\",\"image\":{\"@type\":\"ImageObject\",\"inLanguage\":\"ca\",\"@id\":\"https:\/\/glifing.com\/#\/schema\/person\/image\/\",\"url\":\"https:\/\/secure.gravatar.com\/avatar\/9b5ddd4de94b6e454756ba59a0913a50fda0b37673df7f8c00baae1efb9e100e?s=96&d=mm&r=g\",\"contentUrl\":\"https:\/\/secure.gravatar.com\/avatar\/9b5ddd4de94b6e454756ba59a0913a50fda0b37673df7f8c00baae1efb9e100e?s=96&d=mm&r=g\",\"caption\":\"newWebsite\"},\"url\":\"https:\/\/glifing.com\/ca\/blog\/author\/newwebsite\/\"}]}<\/script>\n<!-- \/ Yoast SEO Premium plugin. -->","yoast_head_json":{"title":"Frac\u00e0s escolar: 7 trastorns espec\u00edfics de l'aprenentatge - Glifing","description":"Els trastorns de l'aprenentatge s\u00f3n causa freq\u00fcent de frac\u00e0s escolar. S\u00f3n trastorns de base neurobiol\u00f2gica, sovint amb un component gen\u00e8tic.","robots":{"index":"index","follow":"follow","max-snippet":"max-snippet:-1","max-image-preview":"max-image-preview:large","max-video-preview":"max-video-preview:-1"},"canonical":"https:\/\/glifing.com\/glifing\/ca\/blog\/fracas-escolar-7-trastorns-especifics-de-laprenentatge\/","og_locale":"ca_ES","og_type":"article","og_title":"Frac\u00e0s escolar: 7 trastorns espec\u00edfics de l'aprenentatge","og_description":"Els trastorns de l'aprenentatge s\u00f3n causa freq\u00fcent de frac\u00e0s escolar. S\u00f3n trastorns de base neurobiol\u00f2gica, sovint amb un component gen\u00e8tic.","og_url":"https:\/\/glifing.com\/glifing\/ca\/blog\/fracas-escolar-7-trastorns-especifics-de-laprenentatge\/","og_site_name":"Glifing","article_publisher":"https:\/\/www.facebook.com\/glifing","article_published_time":"2022-06-01T08:17:00+00:00","article_modified_time":"2025-12-18T19:34:14+00:00","og_image":[{"width":1280,"height":720,"url":"https:\/\/glifing.com\/wp-content\/uploads\/2021\/02\/fracaso-escolar.jpg","type":"image\/jpeg"}],"author":"newWebsite","twitter_card":"summary_large_image","twitter_creator":"@glifing","twitter_site":"@glifing","twitter_misc":{"Escrit per":"newWebsite","Temps estimat de lectura":"4 minuts"},"schema":{"@context":"https:\/\/schema.org","@graph":[{"@type":["Article","BlogPosting"],"@id":"https:\/\/glifing.com\/glifing\/ca\/blog\/fracas-escolar-7-trastorns-especifics-de-laprenentatge\/#article","isPartOf":{"@id":"https:\/\/glifing.com\/ca\/blog\/fracas-escolar-7-trastorns-especifics-de-laprenentatge\/"},"author":{"name":"newWebsite","@id":"https:\/\/glifing.com\/#\/schema\/person\/0d8b4c23b988cf26bfb8d3852431aeed"},"headline":"Frac\u00e0s escolar: 7 trastorns espec\u00edfics de l&#8217;aprenentatge","datePublished":"2022-06-01T08:17:00+00:00","dateModified":"2025-12-18T19:34:14+00:00","mainEntityOfPage":{"@id":"https:\/\/glifing.com\/ca\/blog\/fracas-escolar-7-trastorns-especifics-de-laprenentatge\/"},"wordCount":728,"publisher":{"@id":"https:\/\/glifing.com\/#organization"},"image":{"@id":"https:\/\/glifing.com\/glifing\/ca\/blog\/fracas-escolar-7-trastorns-especifics-de-laprenentatge\/#primaryimage"},"thumbnailUrl":"https:\/\/glifing.com\/wp-content\/uploads\/2021\/02\/fracaso-escolar.jpg","articleSection":["Problemes d'aprenentatge"],"inLanguage":"ca"},{"@type":["WebPage","ItemPage"],"@id":"https:\/\/glifing.com\/ca\/blog\/fracas-escolar-7-trastorns-especifics-de-laprenentatge\/","url":"https:\/\/glifing.com\/glifing\/ca\/blog\/fracas-escolar-7-trastorns-especifics-de-laprenentatge\/","name":"Frac\u00e0s escolar: 7 trastorns espec\u00edfics de l'aprenentatge - Glifing","isPartOf":{"@id":"https:\/\/glifing.com\/#website"},"primaryImageOfPage":{"@id":"https:\/\/glifing.com\/glifing\/ca\/blog\/fracas-escolar-7-trastorns-especifics-de-laprenentatge\/#primaryimage"},"image":{"@id":"https:\/\/glifing.com\/glifing\/ca\/blog\/fracas-escolar-7-trastorns-especifics-de-laprenentatge\/#primaryimage"},"thumbnailUrl":"https:\/\/glifing.com\/wp-content\/uploads\/2021\/02\/fracaso-escolar.jpg","datePublished":"2022-06-01T08:17:00+00:00","dateModified":"2025-12-18T19:34:14+00:00","description":"Els trastorns de l'aprenentatge s\u00f3n causa freq\u00fcent de frac\u00e0s escolar. S\u00f3n trastorns de base neurobiol\u00f2gica, sovint amb un component gen\u00e8tic.","breadcrumb":{"@id":"https:\/\/glifing.com\/glifing\/ca\/blog\/fracas-escolar-7-trastorns-especifics-de-laprenentatge\/#breadcrumb"},"inLanguage":"ca","potentialAction":[{"@type":"ReadAction","target":["https:\/\/glifing.com\/glifing\/ca\/blog\/fracas-escolar-7-trastorns-especifics-de-laprenentatge\/"]}]},{"@type":"ImageObject","inLanguage":"ca","@id":"https:\/\/glifing.com\/glifing\/ca\/blog\/fracas-escolar-7-trastorns-especifics-de-laprenentatge\/#primaryimage","url":"https:\/\/glifing.com\/wp-content\/uploads\/2021\/02\/fracaso-escolar.jpg","contentUrl":"https:\/\/glifing.com\/wp-content\/uploads\/2021\/02\/fracaso-escolar.jpg","width":1280,"height":720,"caption":"trastornos del aprendizaje, trastorns de l'aprenentatge"},{"@type":"BreadcrumbList","@id":"https:\/\/glifing.com\/glifing\/ca\/blog\/fracas-escolar-7-trastorns-especifics-de-laprenentatge\/#breadcrumb","itemListElement":[{"@type":"ListItem","position":1,"name":"Portada","item":"https:\/\/glifing.com\/"},{"@type":"ListItem","position":2,"name":"Frac\u00e0s escolar: 7 trastorns espec\u00edfics de l&#8217;aprenentatge"}]},{"@type":"WebSite","@id":"https:\/\/glifing.com\/#website","url":"https:\/\/glifing.com\/","name":"Glifing","description":"Entrenamiento de la lectura","publisher":{"@id":"https:\/\/glifing.com\/#organization"},"potentialAction":[{"@type":"SearchAction","target":{"@type":"EntryPoint","urlTemplate":"https:\/\/glifing.com\/?s={search_term_string}"},"query-input":{"@type":"PropertyValueSpecification","valueRequired":true,"valueName":"search_term_string"}}],"inLanguage":"ca"},{"@type":"Organization","@id":"https:\/\/glifing.com\/#organization","name":"Glifing","url":"https:\/\/glifing.com\/","logo":{"@type":"ImageObject","inLanguage":"ca","@id":"https:\/\/glifing.com\/#\/schema\/logo\/image\/","url":"https:\/\/glifing.com\/wp-content\/uploads\/2022\/04\/Logo-petit-Glifing-color-claim.png","contentUrl":"https:\/\/glifing.com\/wp-content\/uploads\/2022\/04\/Logo-petit-Glifing-color-claim.png","width":1000,"height":453,"caption":"Glifing"},"image":{"@id":"https:\/\/glifing.com\/#\/schema\/logo\/image\/"},"sameAs":["https:\/\/www.facebook.com\/glifing","https:\/\/x.com\/glifing","https:\/\/www.instagram.com\/glifing\/","https:\/\/www.youtube.com\/channel\/UCWRD45tUQSZ1ARcZt402WwA"]},{"@type":"Person","@id":"https:\/\/glifing.com\/#\/schema\/person\/0d8b4c23b988cf26bfb8d3852431aeed","name":"newWebsite","image":{"@type":"ImageObject","inLanguage":"ca","@id":"https:\/\/glifing.com\/#\/schema\/person\/image\/","url":"https:\/\/secure.gravatar.com\/avatar\/9b5ddd4de94b6e454756ba59a0913a50fda0b37673df7f8c00baae1efb9e100e?s=96&d=mm&r=g","contentUrl":"https:\/\/secure.gravatar.com\/avatar\/9b5ddd4de94b6e454756ba59a0913a50fda0b37673df7f8c00baae1efb9e100e?s=96&d=mm&r=g","caption":"newWebsite"},"url":"https:\/\/glifing.com\/ca\/blog\/author\/newwebsite\/"}]}},"_links":{"self":[{"href":"https:\/\/glifing.com\/ca\/wp-json\/wp\/v2\/posts\/5940","targetHints":{"allow":["GET"]}}],"collection":[{"href":"https:\/\/glifing.com\/ca\/wp-json\/wp\/v2\/posts"}],"about":[{"href":"https:\/\/glifing.com\/ca\/wp-json\/wp\/v2\/types\/post"}],"author":[{"embeddable":true,"href":"https:\/\/glifing.com\/ca\/wp-json\/wp\/v2\/users\/1"}],"replies":[{"embeddable":true,"href":"https:\/\/glifing.com\/ca\/wp-json\/wp\/v2\/comments?post=5940"}],"version-history":[{"count":5,"href":"https:\/\/glifing.com\/ca\/wp-json\/wp\/v2\/posts\/5940\/revisions"}],"predecessor-version":[{"id":23857,"href":"https:\/\/glifing.com\/ca\/wp-json\/wp\/v2\/posts\/5940\/revisions\/23857"}],"wp:featuredmedia":[{"embeddable":true,"href":"https:\/\/glifing.com\/ca\/wp-json\/wp\/v2\/media\/5939"}],"wp:attachment":[{"href":"https:\/\/glifing.com\/ca\/wp-json\/wp\/v2\/media?parent=5940"}],"wp:term":[{"taxonomy":"category","embeddable":true,"href":"https:\/\/glifing.com\/ca\/wp-json\/wp\/v2\/categories?post=5940"},{"taxonomy":"post_tag","embeddable":true,"href":"https:\/\/glifing.com\/ca\/wp-json\/wp\/v2\/tags?post=5940"}],"curies":[{"name":"wp","href":"https:\/\/api.w.org\/{rel}","templated":true}]}}