{"id":22852,"date":"2025-07-24T16:34:59","date_gmt":"2025-07-24T14:34:59","guid":{"rendered":"https:\/\/glifing.com\/glifing\/?p=22852"},"modified":"2026-03-23T18:15:44","modified_gmt":"2026-03-23T17:15:44","slug":"abandonament-infantil-bloqueig-aprenentatge","status":"publish","type":"post","link":"https:\/\/glifing.com\/ca\/blog\/abandonament-infantil-bloqueig-aprenentatge\/","title":{"rendered":"Quan aprendre fa mal: l\u2019abandonament infantil i el bloqueig en l&#8217;aprenentatge"},"content":{"rendered":"\n<p><strong>Explorem com impacta l\u2019abandonament infantil en l\u2019aprenentatge i quines estrat\u00e8gies poden desbloquejar el potencial de l\u2019infant.\u00a0<\/strong><\/p>\n\n\n\n<h2 class=\"wp-block-heading\" id=\"h-que-volem-dir-amb-abandonament-infantil\"><strong>Qu\u00e8 volem dir amb abandonament infantil?<\/strong><\/h2>\n\n\n\n<p>L\u2019abandonament infantil no \u00e9s nom\u00e9s f\u00edsic \u2014com ara la manca de cures b\u00e0siques, d\u2019higiene o d\u2019alimentaci\u00f3\u2014, sin\u00f3 tamb\u00e9 emocional: l\u2019abs\u00e8ncia d\u2019atenci\u00f3, de respostes afectives o d\u2019est\u00edmuls adequats per part dels cuidadors principals. En aquests casos, no \u00e9s que \u201cno hi hagi res\u201d, sin\u00f3 que falta el m\u00e9s important: el suport emocional que permet que l\u2019infant construeixi una base segura per explorar, aprendre i desenvolupar-se. Aquest tipus d\u2019abandonament infantil, que moltes vegades \u00e9s invisible, es considera una forma de maltractament per omissi\u00f3 i crea un bloqueig en l&#8217;aprenentatge.<\/p>\n\n\n\n<p>Les conseq\u00fc\u00e8ncies de l\u2019abandonament emocional poden ser profundes i duradores. Se solen manifestar en:<\/p>\n\n\n\n<ul class=\"wp-block-list\">\n<li>Autoestima baixa: l\u2019infant pensa que \u201cno es mereix\u201d afecte o atenci\u00f3.<\/li>\n<\/ul>\n\n\n\n<ul class=\"wp-block-list\">\n<li>Problemes relacionals: hi ha dificultat per establir vincles sans o, al contrari, hi ha depend\u00e8ncia emocional excessiva.<\/li>\n<\/ul>\n\n\n\n<ul class=\"wp-block-list\">\n<li>Dificultats emocionals: ansietat, tristesa persistent, comportaments desregulats o fins i tot trastorns de l\u2019estat d\u2019\u00e0nim.<\/li>\n<\/ul>\n\n\n\n<ul class=\"wp-block-list\">\n<li>I, molt important, dificultats en l\u2019aprenentatge: quan un infant ha viscut abandonament emocional, el seu sistema nervi\u00f3s pot estar en estat d\u2019alerta constant. Aix\u00f2 interfereix directament en la capacitat de concentraci\u00f3, en la mem\u00f2ria i en la motivaci\u00f3. Aprendre requereix notar-se segur, amb curiositat i disponible emocionalment. Si l\u2019entorn no afavoreix aquest estat, \u00e9s freq\u00fcent que apareguin bloquejos cognitius, retards en el desenvolupament del llenguatge o dificultats per mantenir l\u2019atenci\u00f3 en tasques escolars. Aquesta part queda molt ben evidenciada al llibre de Sebasti\u00e1n Lipina (Universitat de San Mart\u00edn, Buenos Aires) titulat <em>Pobre cerebro<\/em> i als estudis que s\u2019hi mostren.<\/li>\n<\/ul>\n\n\n\n<p>Per aix\u00f2, entendre l\u2019abandonament infantil no nom\u00e9s des del punt de vista afectiu sin\u00f3 tamb\u00e9 com a factor clau en les traject\u00f2ries educatives ens ajuda a detectar-lo a temps i a acompanyar m\u00e9s b\u00e9 els infants que l\u2019han viscut.<\/p>\n\n\n\n<figure class=\"wp-block-image size-full\"><img fetchpriority=\"high\" decoding=\"async\" width=\"940\" height=\"788\" src=\"https:\/\/glifing.com\/glifing\/wp-content\/uploads\/2025\/07\/2025.-07-interior-Abandono-Infantil-.png\" alt=\"Abandonament Infantil\" class=\"wp-image-22834\" srcset=\"https:\/\/glifing.com\/wp-content\/uploads\/2025\/07\/2025.-07-interior-Abandono-Infantil-.png 940w, https:\/\/glifing.com\/wp-content\/uploads\/2025\/07\/2025.-07-interior-Abandono-Infantil--300x251.png 300w, https:\/\/glifing.com\/wp-content\/uploads\/2025\/07\/2025.-07-interior-Abandono-Infantil--768x644.png 768w, https:\/\/glifing.com\/wp-content\/uploads\/2025\/07\/2025.-07-interior-Abandono-Infantil--600x503.png 600w\" sizes=\"(max-width: 940px) 100vw, 940px\" \/><\/figure>\n\n\n\n<h2 class=\"wp-block-heading\" id=\"h-l-impacte-al-cervell-i-en-l-aprenentatge\"><strong>L\u2019impacte al cervell i en l\u2019aprenentatge<\/strong><\/h2>\n\n\n\n<p>Quan un infant ha estat v\u00edctima d\u2019abandonament \u2014especialment en les primeres etapes de desenvolupament\u2014, el cervell li queda literalment afectat. La manca d\u2019est\u00edmul, afecte i seguretat genera alteracions en el desenvolupament d\u2019estructures cerebrals clau com ara l\u2019hipocamp (mem\u00f2ria), l\u2019am\u00edgdala (processament de la por) i l\u2019escor\u00e7a prefrontal (autoregulaci\u00f3, atenci\u00f3, funcions executives).<\/p>\n\n\n\n<p>Tal com expliquem a les activitats formatives que fem i al llibre de la Montserrat Garcia <a href=\"https:\/\/glifing.com\/glifing\/ca\/blog\/neurociencia-de-la-lectura-2\/\"><em>Neuroci\u00e8ncia de la lectura<\/em><\/a>, publicat per Horsori Editorial, aquestes tres \u00e0rees formen part del que nosaltres anomenem l\u2019<em>estructura cerebral de l\u2019aprenentatge<\/em>.<\/p>\n\n\n\n<p>Aquestes alteracions no s\u00f3n permanents, per\u00f2 s\u00ed que condicionen el present: un sistema nervi\u00f3s que ha apr\u00e8s a sobreviure en mode &#8220;alarma&#8221; dif\u00edcilment es pot centrar en tasques cognitives complexes com ara llegir, escriure o resoldre problemes matem\u00e0tics.<\/p>\n\n\n\n<p>Sovint aquests infants tenen el que anomenem un <em>bloqueig emocional de l\u2019aprenentatge<\/em>: no \u00e9s que no puguin aprendre, sin\u00f3 que el cervell no est\u00e0 en condicions de fer-ho mentre percebi perill, amena\u00e7a o desconfian\u00e7a. Aix\u00f2 es tradueix en:<\/p>\n\n\n\n<ul class=\"wp-block-list\">\n<li>Dificultats per mantenir una atenci\u00f3 cont\u00ednua.<\/li>\n<\/ul>\n\n\n\n<ul class=\"wp-block-list\">\n<li>Problemes de mem\u00f2ria a curt termini i d\u2019organitzaci\u00f3 d\u2019idees.<\/li>\n<\/ul>\n\n\n\n<ul class=\"wp-block-list\">\n<li>Dificultats per seguir instruccions o completar tasques.<\/li>\n<\/ul>\n\n\n\n<ul class=\"wp-block-list\">\n<li>Rendiment escolar baix tot i tenir un potencial intel\u00b7lectual adequat.<\/li>\n<\/ul>\n\n\n\n<p>No parlem pas d\u2019un problema de capacitat, sin\u00f3 d\u2019acc\u00e9s. El que es bloqueja \u00e9s la disponibilitat del sistema nervi\u00f3s per entrar en mode aprenentatge. El que \u00e9s urgent (la superviv\u00e8ncia emocional) passa per sobre del que \u00e9s important (el desenvolupament acad\u00e8mic).<\/p>\n\n\n\n<p>Per aix\u00f2, abans de refor\u00e7ar contingut acad\u00e8mic, \u00e9s imprescindible garantir un entorn emocionalment segur, en qu\u00e8 l\u2019infant noti que es pot equivocar, que pot preguntar, descansar i confiar.<\/p>\n\n\n\n<h2 class=\"wp-block-heading\" id=\"h-l-efecte-bloqueig-en-l-aprenentatge\"><strong>L\u2019\u201cefecte bloqueig\u201d en l\u2019aprenentatge<\/strong><\/h2>\n\n\n\n<p>Aquest concepte, malgrat que tingui un origen m\u00e9s t\u00e8cnic en la psicologia de l\u2019aprenentatge (model de Kamin, 1969), ens ajuda molt a entendre qu\u00e8 passa amb els infants que han viscut situacions d\u2019abandonament o trauma prematur.<\/p>\n\n\n\n<p>L\u2019\u201cefecte bloqueig\u201d fa refer\u00e8ncia a com una primera associaci\u00f3 molt forta (per exemple: escola = perill, error = c\u00e0stig, adults = no confiar-hi) pot impedir que s\u2019instal\u00b7lin noves associacions positives. Tot i que l\u2019entorn hagi millorat, l\u2019infant continua responent com si no hagu\u00e9s canviat res. El cervell, com a protecci\u00f3, li bloqueja l\u2019aprenentatge d\u2019experi\u00e8ncies noves perqu\u00e8 ja ha apr\u00e8s \u201ccom funciona el m\u00f3n\u201d.<\/p>\n\n\n\n<p>Aquesta mena de bloqueig es pot observar en la pr\u00e0ctica di\u00e0ria quan veiem infants que:<\/p>\n\n\n\n<ul class=\"wp-block-list\">\n<li>Es neguen a fer tasques noves.<\/li>\n<\/ul>\n\n\n\n<ul class=\"wp-block-list\">\n<li>Es frustren molt f\u00e0cilment quan cometen un error.<\/li>\n<\/ul>\n\n\n\n<ul class=\"wp-block-list\">\n<li>Eviten mostrar el que no saben (per por que els jutgin).<\/li>\n<\/ul>\n\n\n\n<ul class=\"wp-block-list\">\n<li>Es desconnecten emocionalment i cognitivament a classe.<\/li>\n<\/ul>\n\n\n\n<p>Des de fora pot semblar que sigui desinter\u00e8s o falta d\u2019esfor\u00e7, per\u00f2 en realitat es tracta d\u2019un mecanisme de defensa profund. S\u2019estan protegint de repetir experi\u00e8ncies doloroses.<\/p>\n\n\n\n<p>El cam\u00ed per desfer aquest bloqueig \u00e9s lent, per\u00f2 possible: requereix seguretat relacional, acompanyament sense jutjar i un entorn escolar que valori l\u2019emoci\u00f3 tant com la instrucci\u00f3.<\/p>\n\n\n\n<h2 class=\"wp-block-heading\" id=\"h-perspectiva-d-experts\"><strong>Perspectiva d\u2019experts<\/strong><\/h2>\n\n\n\n<p>Comprendre l\u2019abandonament infantil i la relaci\u00f3 que t\u00e9 amb el bloqueig en l\u2019aprenentatge requereix una mirada m\u00e9s enll\u00e0 de l\u2019aula. Per aix\u00f2 \u00e9s tan important escoltar les persones que fa anys que treballen en aquest encreuament entre trauma, vincle i desenvolupament cognitiu.&nbsp;<\/p>\n\n\n\n<h3 class=\"wp-block-heading\" id=\"h-kay-ghersevich-trauma-complex-i-neurodesenvolupament\"><strong>Kay Ghersevich: trauma complex i neurodesenvolupament<\/strong><\/h3>\n\n\n\n<p>Kay Ghersevich, psic\u00f2loga especialitzada en trauma complex i processos terap\u00e8utics integratius, diu que \u201cl\u2019aprenentatge emocional \u00e9s previ a l\u2019aprenentatge acad\u00e8mic\u201d. Si no ens sentim segurs, no aprenem.<br>Afirma que els ambients segurs i les ter\u00e0pies integratives (EMDR, corporal\u2026) s\u00f3n clau per reconnectar els infants amb la curiositat i la capacitat d\u2019atenci\u00f3. Proposa treballar amb t\u00e8cniques com l\u2019EMDR, l\u2019enfocament sensoriomotor i el joc terap\u00e8utic, que ajuden l\u2019infant a &#8220;descongelar&#8221; aquests records traum\u00e0tics que impedeixen que aprengui. No \u00e9s q\u00fcesti\u00f3 d\u2019ensenyar m\u00e9s, sin\u00f3 d\u2019ajudar el sistema nervi\u00f3s a sortir del mode superviv\u00e8ncia. Nom\u00e9s llavors podr\u00e0 tornar a connectar amb la curiositat, l\u2019atenci\u00f3 cont\u00ednua i la mem\u00f2ria funcional.<\/p>\n\n\n\n<p>Segons Kay Ghersevich: \u201cQuan un infant t\u00e9 por o inseguretat, el cervell racional es desconnecta. En aquest estat no \u00e9s possible aprendre res\u201d.<\/p>\n\n\n\n<p>La psic\u00f2loga ofereix<a href=\"https:\/\/academiaaipi.com\/courses\/un-modelo-de-psicoterapia-integrativa-para-el-tratamiento-del-trauma-formacion-y-entrenamiento-clinico-para-ser-un-profesional-informado-en-trauma-nivel-i\/\"> un curs sobre la psicoter\u00e0pia integrativa del trauma<\/a> en qu\u00e8 demostra la seva teoria.<\/p>\n\n\n\n<p>La nostra pr\u00f2pia experi\u00e8ncia a les aules ens porta a acceptar de bon grat aquesta teoria. Tot sovint les mestres ens fan consultes sobre com poden ajudar aquests infants a llegir, i sempre responem que abans de llegir cal establir un vincle segur que a l\u2019infant li permeti tornar a confiar en el seu entorn. Nom\u00e9s aix\u00ed, despr\u00e9s, podrem comen\u00e7ar amb els aprenentatges cognitius.<\/p>\n\n\n\n<h3 class=\"wp-block-heading\" id=\"h-florencia-lalor-el-rol-del-vincle-i-la-reparacio\"><strong>Florencia Lalor: el rol del vincle i la reparaci\u00f3<\/strong><\/h3>\n\n\n\n<p>Florencia Lalor, psic\u00f2loga argentina especialitzada en adopci\u00f3 i trauma, destaca, tal com apunt\u00e0vem al punt anterior, la import\u00e0ncia del vincle afectiu continu com a base per recuperar-se emocionalment. En el seu projecte <em>La Voz del Hijo<\/em> destaca com n\u2019\u00e9s, de crucial, un aferrament segur perqu\u00e8 els infants tornin a aprendre sense por.<\/p>\n\n\n\n<p>En les xerrades i les publicacions que fa, Lalor remarca que la clau no consisteix nom\u00e9s a \u201ccorregir\u201d els s\u00edmptomes, sin\u00f3 a reconstruir un vincle segur i constant, amb adults que es mantinguin presents, disponibles i emocionalment sintonitzats. \u00c9s a dir, l\u2019aprenentatge no s\u2019activa nom\u00e9s amb contingut, sin\u00f3 amb relaci\u00f3.<\/p>\n\n\n\n<p>Una frase recorrent del seu treball \u00e9s: \u201cNo hi ha aprenentatge sense vincle. No hi ha vincle sense pres\u00e8ncia afectiva\u201d. I aix\u00f2 \u00e9s especialment cert en infants amb hist\u00f2ries d\u2019abandonament: necessiten adults que es quedin, tot i que no sigui f\u00e0cil.<\/p>\n\n\n\n<h3 class=\"wp-block-heading\" id=\"h-boris-cyrulnik-resiliencia-i-reparacio-afectiva\"><strong>Boris Cyrulnik: resili\u00e8ncia i reparaci\u00f3 afectiva<\/strong><\/h3>\n\n\n\n<p>Boris Cyrulnik, neur\u00f2leg, psiquiatra i et\u00f2leg, \u00e9s una de les veus m\u00e9s reconegudes quan parlem de trauma infantil i resili\u00e8ncia. \u00c9s supervivent de l\u2019Holocaust, i ha dedicat tota la vida a demostrar que, malgrat el dolor, recuperar-se \u00e9s possible si hi ha una figura adulta que acompanyi amb sensibilitat i pres\u00e8ncia.<\/p>\n\n\n\n<p>Segons Cyrulnik, els infants que han viscut situacions traum\u00e0tiques desenvolupen resili\u00e8ncia si troben un vincle segur que els permeti tornar a confiar, com tamb\u00e9 un entorn segur a trav\u00e9s de regles coherents i rutines clares.<\/p>\n\n\n\n<p>Una de les seves frases m\u00e9s citades ho resumeix clarament:<\/p>\n\n\n\n<p>\u201cNo hi ha ning\u00fa que es desenvolupi tot sol. Necessitem una mirada amorosa per cr\u00e9ixer.\u201d<\/p>\n\n\n\n<p>En el context educatiu, l\u2019enfocament que fa Cyrulnik ens recorda que no hi ha cap aprenentatge que sigui sostenible sense un vincle hum\u00e0 fort, i que el desenvolupament cognitiu est\u00e0 \u00edntimament lligat amb l\u2019entorn emocional. I que molts bloquejos no es resolen amb m\u00e9s deures, sin\u00f3 amb m\u00e9s vincle.<\/p>\n\n\n\n<h3 class=\"wp-block-heading\" id=\"h-montse-lapastora-trauma-infantil-i-abordatge-integral\"><strong>Montse Lapastora: trauma infantil i abordatge integral<\/strong><\/h3>\n\n\n\n<p>Montse Lapastora, psic\u00f2loga cl\u00ednica especialitzada en intervenci\u00f3 amb menors adoptats i acollits, tamb\u00e9 ha treballat extensament amb infants que han viscut abandonament i maltractament.<\/p>\n\n\n\n<p>Ella destaca com n\u2019\u00e9s, d\u2019important, tenir una mirada integral i coordinada: la fam\u00edlia, l\u2019escola i els terapeutes han d\u2019anar a l\u2019una. Per Lapastora, molts cops a aquests infants se\u2019ls etiqueta err\u00f2niament amb TDAH, disl\u00e8xia o trastorns de l\u2019aprenentatge, per\u00f2 en realitat el que hi ha al darrere \u00e9s un trauma no elaborat que els bloqueja l\u2019acc\u00e9s als recursos cognitius.<\/p>\n\n\n\n<p>Lapastora proposa abordar-ho en tres nivells:<\/p>\n\n\n\n<ol class=\"wp-block-list\">\n<li>Reeducaci\u00f3 emocional: ajudar l\u2019infant a identificar i regular les seves emocions.<\/li>\n<\/ol>\n\n\n\n<ol start=\"2\" class=\"wp-block-list\">\n<li>Intervenci\u00f3 familiar: treballar el vincle amb els adults cuidadors.<\/li>\n<\/ol>\n\n\n\n<ol start=\"3\" class=\"wp-block-list\">\n<li>Formaci\u00f3 a docents: per tal que puguin interpretar correctament els senyals de l\u2019infant i acompanyar-lo amb una mirada comprensiva, no punitiva.<\/li>\n<\/ol>\n\n\n\n<h3 class=\"wp-block-heading\" id=\"h-mireia-sala-intervencio-educativa-amb-mirada-glifing\"><strong>Mireia Sala: intervenci\u00f3 educativa amb mirada Glifing<\/strong><\/h3>\n\n\n\n<p>Mireia Sala \u00e9s psicopedagoga, logopeda i directora del gabinet psicopedag\u00f2gic <a href=\"https:\/\/trivium.cat\/\">TRIVIUM<\/a>, que a Barcelona aplica Glifing des que vam comen\u00e7ar el projecte. Amb una \u00e0mplia traject\u00f2ria en qu\u00e8 acompanya infants amb dificultats lectores, ha observat que el bloqueig molts cops no \u00e9s pas pedag\u00f2gic, sin\u00f3 emocional.<\/p>\n\n\n\n<p>Tal com ho enfoca, ensenyar a llegir no es tracta nom\u00e9s de descodificar paraules, sin\u00f3 de reconstruir la confian\u00e7a i la motivaci\u00f3 de l\u2019infant. I aix\u00f2 nom\u00e9s passa quan se sent compr\u00e8s, valorat i acompanyat.<\/p>\n\n\n\n<p>La Mireia combina l\u2019eina Glifing amb una mirada terap\u00e8utica, en qu\u00e8 l\u2019objectiu no \u00e9s nom\u00e9s millorar la velocitat i la comprensi\u00f3 lectora, sin\u00f3 tamb\u00e9 refor\u00e7ar l\u2019autoestima, el vincle amb la persona adulta i les ganes d\u2019aprendre.<\/p>\n\n\n\n<p>Com ella mateix diu:<\/p>\n\n\n\n<p>\u201cQuan l\u2019infant torna a sentir que pot, que alg\u00fa confia en ell, \u00e9s quan realment comen\u00e7a a aprendre. I Glifing ens dona aquesta oportunitat cada dia.\u201d<\/p>\n\n\n\n<p>L\u2019experi\u00e8ncia d\u2019aquesta psicopedagoga demostra que la tecnologia, si es fa servir amb sensibilitat, pot ser un pont entre l\u2019infant i les ganes d\u2019aprendre, fins i tot quan semblava que aquestes ganes estaven adormides.<\/p>\n\n\n\n<p>En aquest sentit, us recomanem l\u2019article publicat al butllet\u00ed <em>Inf@ncia<\/em> sobre<a href=\"https:\/\/dixit.gencat.cat\/web\/.content\/home\/04recursos\/02publicacions\/02publicacions_de_bsf\/04_familia_infancia_adolescencia\/butlleti_infancia_articles_2014\/links\/profunditat-82.pdf\"> <strong>llenguatge i aprenentatge en els infants procedents de l\u2019adopci\u00f3 internacional,<\/strong><\/a><strong> <\/strong>de Mireia Sala i Ignasi Ivern (doctor en psicologia i logopeda), tots dos de la Universitat Blanquerna i la Universitat Ramon Llull.&nbsp;<\/p>\n\n\n\n<h2 class=\"wp-block-heading\" id=\"h-estrategies-per-superar-el-bloqueig\"><strong>Estrat\u00e8gies per superar el bloqueig<\/strong><\/h2>\n\n\n\n<p>El bloqueig emocional en l\u2019aprenentatge no \u00e9s permanent, per\u00f2 s\u00ed que cal que s\u2019abordi amb consci\u00e8ncia, paci\u00e8ncia i molta sensibilitat. No n\u2019hi ha prou amb refor\u00e7ar continguts acad\u00e8mics. Perqu\u00e8 aprendre sigui possible, primer cal tornar a l\u2019infant la sensaci\u00f3 de seguretat i confian\u00e7a que va perdre.<\/p>\n\n\n\n<p>Aqu\u00ed presentem unes estrat\u00e8gies que poden ajudar des de l\u2019entorn familiar, escolar i terap\u00e8utic:<\/p>\n\n\n\n<ol class=\"wp-block-list\">\n<li><strong>Detectar els primers senyals: desinter\u00e8s, ansietat, evitaci\u00f3 a l\u2019escola.<\/strong><\/li>\n<\/ol>\n\n\n\n<p>Molts infants no expressen el que senten amb paraules, sin\u00f3 amb la conducta. El bloqueig pot passar desapercebut si no sabem llegir entre l\u00ednies. Uns quants senyals d\u2019alerta:<\/p>\n\n\n\n<ul class=\"wp-block-list\">\n<li>Desconnexi\u00f3 o evasi\u00f3 de les tasques escolars.<\/li>\n<\/ul>\n\n\n\n<ul class=\"wp-block-list\">\n<li>Frustraci\u00f3 intensa quan no entenen res.<\/li>\n<\/ul>\n\n\n\n<ul class=\"wp-block-list\">\n<li>Por d\u2019equivocar-se o necessitat de fer-ho tot perfecte.<\/li>\n<\/ul>\n\n\n\n<ul class=\"wp-block-list\">\n<li>Malestar f\u00edsic freq\u00fcent (mals de cap, de panxa&#8230;) abans d\u2019anar a l\u2019escola.<\/li>\n<\/ul>\n\n\n\n<ul class=\"wp-block-list\">\n<li>Actituds desafiants que en realitat amaguen inseguretat.<\/li>\n<\/ul>\n\n\n\n<p>Detectar a temps aquests senyals ens permet intervenir abans que el bloqueig es cronifiqui o derivi en un diagn\u00f2stic equivocat.<\/p>\n\n\n\n<p>Si aquests s\u00edmptomes no s\u2019atenen adequadament, reprodueixen una forma d\u2019afrontament gens adaptativa que pot empitjorar en l\u2019adolesc\u00e8ncia, i persistir en l\u2019edat adulta.&nbsp;<\/p>\n\n\n\n<ol start=\"2\" class=\"wp-block-list\">\n<li><strong>Crear entorns segurs i predictibles.<\/strong><\/li>\n<\/ol>\n\n\n\n<p>Al cervell li cal sentir-se fora de perill per aprendre. Quan un infant ha viscut abandonament o experi\u00e8ncies traum\u00e0tiques, el sistema nervi\u00f3s est\u00e0 m\u00e9s sensible a qualsevol est\u00edmul que percebi com una amena\u00e7a. Per aix\u00f2 \u00e9s fonamental construir espais on pugui baixar la gu\u00e0rdia:<\/p>\n\n\n\n<ul class=\"wp-block-list\">\n<li>Rutines clares, que generin previsibilitat.<\/li>\n<\/ul>\n\n\n\n<ul class=\"wp-block-list\">\n<li>Adults disponibles, tranquils i coherents.<\/li>\n<\/ul>\n\n\n\n<ul class=\"wp-block-list\">\n<li>Reaccions proporcionades i sense c\u00e0stigs humiliants.<\/li>\n<\/ul>\n\n\n\n<ul class=\"wp-block-list\">\n<li>Validaci\u00f3 emocional: \u201cEntenc que aix\u00f2 et frustri. Va, intentem-ho junts\u201d.<\/li>\n<\/ul>\n\n\n\n<ul class=\"wp-block-list\">\n<li>Espais f\u00edsics acollidors: llum suau, zones de calma, materials agradables.<\/li>\n<\/ul>\n\n\n\n<p>Un entorn emocionalment segur no significa permissivitat total, sin\u00f3 l\u00edmits amb afecte, estructura amb pres\u00e8ncia. Com diu la nostra amiga Judit Murlans, de l\u2019Associaci\u00f3 Avesedari: \u201cAmor i l\u00edmits\u201d.<\/p>\n\n\n\n<ol start=\"3\" class=\"wp-block-list\">\n<li><strong>Acompanyament terap\u00e8utic i regulaci\u00f3 emocional.<\/strong><\/li>\n<\/ol>\n\n\n\n<p>En molts casos, l\u2019infant necessita un espai terap\u00e8utic en qu\u00e8 pugui processar el que ha viscut. Algunes t\u00e8cniques eficaces s\u00f3n:<\/p>\n\n\n\n<ul class=\"wp-block-list\">\n<li>Ter\u00e0pia de joc.<\/li>\n<\/ul>\n\n\n\n<ul class=\"wp-block-list\">\n<li>EMDR infantil (desensibilitzaci\u00f3 i reprocessament per moviments oculars).<\/li>\n<\/ul>\n\n\n\n<ul class=\"wp-block-list\">\n<li>Ter\u00e0pies sensoriomotores.<\/li>\n<\/ul>\n\n\n\n<ul class=\"wp-block-list\">\n<li>Treball corporal, artter\u00e0pia o musicoter\u00e0pia.<\/li>\n<\/ul>\n\n\n\n<p>Alhora, a casa i a l\u2019escola es poden incorporar petites pr\u00e0ctiques de regulaci\u00f3 emocional:<\/p>\n\n\n\n<ul class=\"wp-block-list\">\n<li>Respiraci\u00f3 conscient abans de comen\u00e7ar una tasca.<\/li>\n<\/ul>\n\n\n\n<ul class=\"wp-block-list\">\n<li>Moviment lliure per descarregar tensi\u00f3.<\/li>\n<\/ul>\n\n\n\n<ul class=\"wp-block-list\">\n<li>Racons de calma o &#8220;temps fora&#8221; positiu.<\/li>\n<\/ul>\n\n\n\n<ul class=\"wp-block-list\">\n<li>Visualitzacions o contes per reconnectar amb el cos.<\/li>\n<\/ul>\n\n\n\n<p>Recordem-nos que un cos en estat d\u2019alerta no pot aprendre, i que moltes vegades el que \u00e9s m\u00e9s urgent no \u00e9s resoldre un exercici, sin\u00f3 acompanyar una emoci\u00f3.<\/p>\n\n\n\n<p>En la nostra pr\u00e0ctica, hem pogut constatar que la respiraci\u00f3 conscient i el moviment lliure s\u00f3n t\u00e8cniques molt f\u00e0cils d\u2019aplicar i de les m\u00e9s efectives. Respirar de manera conscient no nom\u00e9s produeix l\u2019estat de calma que ens cal per afrontar qualsevol tasca, sin\u00f3 que a m\u00e9s a m\u00e9s ens permet comen\u00e7ar a treballar l\u2019autoconsci\u00e8ncia, que \u00e9s la base per a la metacognici\u00f3, quan entrem en ter\u00e0pies cognitives. El moviment lliure permet que els infants siguin conscients de la tensi\u00f3 que puguin arribar a acumular, i permet que hi hagi una desc\u00e0rrega de tensi\u00f3.<\/p>\n\n\n\n<ol start=\"4\" class=\"wp-block-list\">\n<li><strong>Formar l\u2019entorn adult.<\/strong><\/li>\n<\/ol>\n\n\n\n<p>Un dels factors m\u00e9s importants perqu\u00e8 un infant amb bloqueig es recuperi \u00e9s la manera com el miren els adults que l\u2019envolten. Quan deixem d\u2019interpretar les conductes que t\u00e9 com a \u201cproblemes\u201d o \u201cdesobedi\u00e8ncia\u201d, i les comencem a veure com una manera que t\u00e9 per protegir-se emocionalment, tota la intervenci\u00f3 canvia.<\/p>\n\n\n\n<p>Per aix\u00f2 \u00e9s fonamental que:<\/p>\n\n\n\n<ul class=\"wp-block-list\">\n<li>Les fam\u00edlies rebin acompanyament i eines.<\/li>\n<\/ul>\n\n\n\n<ul class=\"wp-block-list\">\n<li>Els docents estiguin formats en trauma, aferrament i neurodesenvolupament.<\/li>\n<\/ul>\n\n\n\n<ul class=\"wp-block-list\">\n<li>Es construeixin ponts entre les ter\u00e0pies i l\u2019escola.<\/li>\n<\/ul>\n\n\n\n<ul class=\"wp-block-list\">\n<li>Deixem enrere etiquetes simplistes com ara \u201cgandul\u201d, \u201cconflictiu\u201d o \u201cdesmotivat\u201d.<\/li>\n<\/ul>\n\n\n\n<p>Com diu la Montse Lapastora: \u201cNo \u00e9s el mateix tenir un trastorn de l\u2019aprenentatge que estar bloquejat emocionalment. I si no ho entenem, podem fer molt de mal sense voler\u201d.<\/p>\n\n\n\n<h2 class=\"wp-block-heading\" id=\"h-conclusio-entendre-per-acompanyar-mes-be\">Conclusi\u00f3: entendre per acompanyar m\u00e9s b\u00e9<\/h2>\n\n\n\n<p>L\u2019abandonament infantil no nom\u00e9s deixa una empremta emocional, sin\u00f3 que tamb\u00e9 impacta en la manera en qu\u00e8 un infant es relaciona amb l\u2019aprenentatge, amb els altres i amb ell mateix. Molts cops aquest bloqueig que veiem a classe no \u00e9s mandra, ni falta d\u2019inter\u00e8s, sin\u00f3 que \u00e9s el reflex d\u2019un sistema que ha apr\u00e8s a protegir-se desconnectant-se.<\/p>\n\n\n\n<p>Com a fam\u00edlies, educadors i professionals, tenim el poder \u2014i la responsabilitat\u2014 de canviar aquesta narrativa. De transformar el \u201cno pot\u201d en \u201cencara no pot\u201d, i oferir l\u2019entorn que necessita per tornar a confiar, explorar, equivocar-se i aprendre.<\/p>\n\n\n\n<p>Perqu\u00e8 quan un infant nota que el veuen, el comprenen i l\u2019acompanyen, el cervell se li calma. I quan el cervell es calma, l\u2019aprenentatge torna a trobar el seu lloc.<\/p>\n\n\n\n<p>A <strong>Glifing<\/strong> treballem cada dia perqu\u00e8 cap infant es quedi enrere.<\/p>\n\n\n\n<p>Si coneixes algun infant que sembla que hagi perdut la motivaci\u00f3 per aprendre, potser no li cal m\u00e9s refor\u00e7, sin\u00f3 m\u00e9s vincle, m\u00e9s comprensi\u00f3 i m\u00e9s seguretat.<\/p>\n\n\n\n<p>\ud83d\udc49 <a href=\"hola@glifing.com\">Escriu-nos<\/a> i t\u2019ajudarem a tra\u00e7ar un pla personalitzat amb acompanyament emocional i eines de lectura adaptades.<\/p>\n\n\n\n<p>Perqu\u00e8 aprendre no hauria de fer mal.<\/p>\n\n\n\n<p><\/p>\n","protected":false},"excerpt":{"rendered":"<p>Explorem com impacta l\u2019abandonament infantil en l\u2019aprenentatge i quines estrat\u00e8gies poden desbloquejar el potencial de l\u2019infant.\u00a0 Qu\u00e8 volem dir amb abandonament infantil? L\u2019abandonament infantil no \u00e9s nom\u00e9s f\u00edsic \u2014com ara la manca de cures b\u00e0siques, d\u2019higiene o d\u2019alimentaci\u00f3\u2014, sin\u00f3 tamb\u00e9 emocional: l\u2019abs\u00e8ncia d\u2019atenci\u00f3, de respostes afectives o d\u2019est\u00edmuls adequats per part dels cuidadors principals. En [&hellip;]<\/p>\n","protected":false},"author":1,"featured_media":22838,"comment_status":"open","ping_status":"open","sticky":false,"template":"","format":"standard","meta":{"_acf_changed":false,"_monsterinsights_skip_tracking":false,"_monsterinsights_sitenote_active":false,"_monsterinsights_sitenote_note":"","_monsterinsights_sitenote_category":0,"ocean_post_layout":"","ocean_both_sidebars_style":"","ocean_both_sidebars_content_width":0,"ocean_both_sidebars_sidebars_width":0,"ocean_sidebar":"","ocean_second_sidebar":"","ocean_disable_margins":"enable","ocean_add_body_class":"","ocean_shortcode_before_top_bar":"","ocean_shortcode_after_top_bar":"","ocean_shortcode_before_header":"","ocean_shortcode_after_header":"","ocean_has_shortcode":"","ocean_shortcode_after_title":"","ocean_shortcode_before_footer_widgets":"","ocean_shortcode_after_footer_widgets":"","ocean_shortcode_before_footer_bottom":"","ocean_shortcode_after_footer_bottom":"","ocean_display_top_bar":"default","ocean_display_header":"default","ocean_header_style":"","ocean_center_header_left_menu":"","ocean_custom_header_template":"","ocean_custom_logo":0,"ocean_custom_retina_logo":0,"ocean_custom_logo_max_width":0,"ocean_custom_logo_tablet_max_width":0,"ocean_custom_logo_mobile_max_width":0,"ocean_custom_logo_max_height":0,"ocean_custom_logo_tablet_max_height":0,"ocean_custom_logo_mobile_max_height":0,"ocean_header_custom_menu":"","ocean_menu_typo_font_family":"","ocean_menu_typo_font_subset":"","ocean_menu_typo_font_size":0,"ocean_menu_typo_font_size_tablet":0,"ocean_menu_typo_font_size_mobile":0,"ocean_menu_typo_font_size_unit":"px","ocean_menu_typo_font_weight":"","ocean_menu_typo_font_weight_tablet":"","ocean_menu_typo_font_weight_mobile":"","ocean_menu_typo_transform":"","ocean_menu_typo_transform_tablet":"","ocean_menu_typo_transform_mobile":"","ocean_menu_typo_line_height":0,"ocean_menu_typo_line_height_tablet":0,"ocean_menu_typo_line_height_mobile":0,"ocean_menu_typo_line_height_unit":"","ocean_menu_typo_spacing":0,"ocean_menu_typo_spacing_tablet":0,"ocean_menu_typo_spacing_mobile":0,"ocean_menu_typo_spacing_unit":"","ocean_menu_link_color":"","ocean_menu_link_color_hover":"","ocean_menu_link_color_active":"","ocean_menu_link_background":"","ocean_menu_link_hover_background":"","ocean_menu_link_active_background":"","ocean_menu_social_links_bg":"","ocean_menu_social_hover_links_bg":"","ocean_menu_social_links_color":"","ocean_menu_social_hover_links_color":"","ocean_disable_title":"default","ocean_disable_heading":"default","ocean_post_title":"","ocean_post_subheading":"","ocean_post_title_style":"","ocean_post_title_background_color":"","ocean_post_title_background":0,"ocean_post_title_bg_image_position":"","ocean_post_title_bg_image_attachment":"","ocean_post_title_bg_image_repeat":"","ocean_post_title_bg_image_size":"","ocean_post_title_height":0,"ocean_post_title_bg_overlay":0.5,"ocean_post_title_bg_overlay_color":"","ocean_disable_breadcrumbs":"default","ocean_breadcrumbs_color":"","ocean_breadcrumbs_separator_color":"","ocean_breadcrumbs_links_color":"","ocean_breadcrumbs_links_hover_color":"","ocean_display_footer_widgets":"default","ocean_display_footer_bottom":"default","ocean_custom_footer_template":"","ocean_post_oembed":"","ocean_post_self_hosted_media":"","ocean_post_video_embed":"","ocean_link_format":"","ocean_link_format_target":"self","ocean_quote_format":"","ocean_quote_format_link":"post","ocean_gallery_link_images":"on","ocean_gallery_id":[],"footnotes":""},"categories":[237],"tags":[331,259,314,212],"class_list":["post-22852","post","type-post","status-publish","format-standard","has-post-thumbnail","hentry","category-problemes-daprenentatge","tag-abandonament","tag-aprenentatge","tag-dificultats-de-lectura","tag-lectura-ca","entry","has-media","owp-thumbs-layout-horizontal","owp-btn-normal","owp-tabs-layout-horizontal","has-no-thumbnails","has-product-nav"],"acf":[],"yoast_head":"<!-- This site is optimized with the Yoast SEO Premium plugin v23.7 (Yoast SEO v26.9) - https:\/\/yoast.com\/product\/yoast-seo-premium-wordpress\/ -->\n<title>Quan aprendre fa mal: l\u2019abandonament infantil i el bloqueig en l&#039;aprenentatge - Glifing<\/title>\n<meta name=\"description\" content=\"Descobreix com l&#039;abandonament infantil, f\u00edsic i emocional, provoca un bloqueig en l&#039;aprenentatge. Ajudem els infants a superar-les.\" \/>\n<meta name=\"robots\" content=\"index, follow, max-snippet:-1, max-image-preview:large, max-video-preview:-1\" \/>\n<link rel=\"canonical\" href=\"https:\/\/glifing.com\/ca\/blog\/abandonament-infantil-bloqueig-aprenentatge\/\" \/>\n<meta property=\"og:locale\" content=\"ca_ES\" \/>\n<meta property=\"og:type\" content=\"article\" \/>\n<meta property=\"og:title\" content=\"Quan aprendre fa mal: l\u2019abandonament infantil i el bloqueig en l&#039;aprenentatge\" \/>\n<meta property=\"og:description\" content=\"Descobreix com l&#039;abandonament infantil, f\u00edsic i emocional, provoca un bloqueig en l&#039;aprenentatge. Ajudem els infants a superar-les.\" \/>\n<meta property=\"og:url\" content=\"https:\/\/glifing.com\/ca\/blog\/abandonament-infantil-bloqueig-aprenentatge\/\" \/>\n<meta property=\"og:site_name\" content=\"Glifing\" \/>\n<meta property=\"article:publisher\" content=\"https:\/\/www.facebook.com\/glifing\" \/>\n<meta property=\"article:published_time\" content=\"2025-07-24T14:34:59+00:00\" \/>\n<meta property=\"article:modified_time\" content=\"2026-03-23T17:15:44+00:00\" \/>\n<meta property=\"og:image\" content=\"https:\/\/glifing.com\/wp-content\/uploads\/2025\/07\/2025.-07-Abandono-Infantil-Portada-1024x576.png\" \/>\n\t<meta property=\"og:image:width\" content=\"1024\" \/>\n\t<meta property=\"og:image:height\" content=\"576\" \/>\n\t<meta property=\"og:image:type\" content=\"image\/png\" \/>\n<meta name=\"author\" content=\"newWebsite\" \/>\n<meta name=\"twitter:card\" content=\"summary_large_image\" \/>\n<meta name=\"twitter:creator\" content=\"@glifing\" \/>\n<meta name=\"twitter:site\" content=\"@glifing\" \/>\n<meta name=\"twitter:label1\" content=\"Escrit per\" \/>\n\t<meta name=\"twitter:data1\" content=\"newWebsite\" \/>\n\t<meta name=\"twitter:label2\" content=\"Temps estimat de lectura\" \/>\n\t<meta name=\"twitter:data2\" content=\"13 minuts\" \/>\n<script type=\"application\/ld+json\" class=\"yoast-schema-graph\">{\"@context\":\"https:\/\/schema.org\",\"@graph\":[{\"@type\":[\"Article\",\"BlogPosting\"],\"@id\":\"https:\/\/glifing.com\/ca\/blog\/abandonament-infantil-bloqueig-aprenentatge\/#article\",\"isPartOf\":{\"@id\":\"https:\/\/glifing.com\/ca\/blog\/abandonament-infantil-bloqueig-aprenentatge\/\"},\"author\":{\"name\":\"newWebsite\",\"@id\":\"https:\/\/glifing.com\/#\/schema\/person\/0d8b4c23b988cf26bfb8d3852431aeed\"},\"headline\":\"Quan aprendre fa mal: l\u2019abandonament infantil i el bloqueig en l&#8217;aprenentatge\",\"datePublished\":\"2025-07-24T14:34:59+00:00\",\"dateModified\":\"2026-03-23T17:15:44+00:00\",\"mainEntityOfPage\":{\"@id\":\"https:\/\/glifing.com\/ca\/blog\/abandonament-infantil-bloqueig-aprenentatge\/\"},\"wordCount\":2862,\"commentCount\":0,\"publisher\":{\"@id\":\"https:\/\/glifing.com\/#organization\"},\"image\":{\"@id\":\"https:\/\/glifing.com\/ca\/blog\/abandonament-infantil-bloqueig-aprenentatge\/#primaryimage\"},\"thumbnailUrl\":\"https:\/\/glifing.com\/wp-content\/uploads\/2025\/07\/2025.-07-Abandono-Infantil-Portada.png\",\"keywords\":[\"abandonament\",\"aprenentatge\",\"dificultats de lectura\",\"lectura\"],\"articleSection\":[\"Problemes d'aprenentatge\"],\"inLanguage\":\"ca\",\"potentialAction\":[{\"@type\":\"CommentAction\",\"name\":\"Comment\",\"target\":[\"https:\/\/glifing.com\/ca\/blog\/abandonament-infantil-bloqueig-aprenentatge\/#respond\"]}]},{\"@type\":[\"WebPage\",\"ItemPage\"],\"@id\":\"https:\/\/glifing.com\/ca\/blog\/abandonament-infantil-bloqueig-aprenentatge\/\",\"url\":\"https:\/\/glifing.com\/ca\/blog\/abandonament-infantil-bloqueig-aprenentatge\/\",\"name\":\"Quan aprendre fa mal: l\u2019abandonament infantil i el bloqueig en l'aprenentatge - Glifing\",\"isPartOf\":{\"@id\":\"https:\/\/glifing.com\/#website\"},\"primaryImageOfPage\":{\"@id\":\"https:\/\/glifing.com\/ca\/blog\/abandonament-infantil-bloqueig-aprenentatge\/#primaryimage\"},\"image\":{\"@id\":\"https:\/\/glifing.com\/ca\/blog\/abandonament-infantil-bloqueig-aprenentatge\/#primaryimage\"},\"thumbnailUrl\":\"https:\/\/glifing.com\/wp-content\/uploads\/2025\/07\/2025.-07-Abandono-Infantil-Portada.png\",\"datePublished\":\"2025-07-24T14:34:59+00:00\",\"dateModified\":\"2026-03-23T17:15:44+00:00\",\"description\":\"Descobreix com l'abandonament infantil, f\u00edsic i emocional, provoca un bloqueig en l'aprenentatge. Ajudem els infants a superar-les.\",\"breadcrumb\":{\"@id\":\"https:\/\/glifing.com\/ca\/blog\/abandonament-infantil-bloqueig-aprenentatge\/#breadcrumb\"},\"inLanguage\":\"ca\",\"potentialAction\":[{\"@type\":\"ReadAction\",\"target\":[\"https:\/\/glifing.com\/ca\/blog\/abandonament-infantil-bloqueig-aprenentatge\/\"]}]},{\"@type\":\"ImageObject\",\"inLanguage\":\"ca\",\"@id\":\"https:\/\/glifing.com\/ca\/blog\/abandonament-infantil-bloqueig-aprenentatge\/#primaryimage\",\"url\":\"https:\/\/glifing.com\/wp-content\/uploads\/2025\/07\/2025.-07-Abandono-Infantil-Portada.png\",\"contentUrl\":\"https:\/\/glifing.com\/wp-content\/uploads\/2025\/07\/2025.-07-Abandono-Infantil-Portada.png\",\"width\":1920,\"height\":1080,\"caption\":\"Abandono infantil y bloqueo emocional\"},{\"@type\":\"BreadcrumbList\",\"@id\":\"https:\/\/glifing.com\/ca\/blog\/abandonament-infantil-bloqueig-aprenentatge\/#breadcrumb\",\"itemListElement\":[{\"@type\":\"ListItem\",\"position\":1,\"name\":\"Portada\",\"item\":\"https:\/\/glifing.com\/\"},{\"@type\":\"ListItem\",\"position\":2,\"name\":\"Quan aprendre fa mal: l\u2019abandonament infantil i el bloqueig en l&#8217;aprenentatge\"}]},{\"@type\":\"WebSite\",\"@id\":\"https:\/\/glifing.com\/#website\",\"url\":\"https:\/\/glifing.com\/\",\"name\":\"Glifing\",\"description\":\"Entrenamiento de la lectura\",\"publisher\":{\"@id\":\"https:\/\/glifing.com\/#organization\"},\"potentialAction\":[{\"@type\":\"SearchAction\",\"target\":{\"@type\":\"EntryPoint\",\"urlTemplate\":\"https:\/\/glifing.com\/?s={search_term_string}\"},\"query-input\":{\"@type\":\"PropertyValueSpecification\",\"valueRequired\":true,\"valueName\":\"search_term_string\"}}],\"inLanguage\":\"ca\"},{\"@type\":\"Organization\",\"@id\":\"https:\/\/glifing.com\/#organization\",\"name\":\"Glifing\",\"url\":\"https:\/\/glifing.com\/\",\"logo\":{\"@type\":\"ImageObject\",\"inLanguage\":\"ca\",\"@id\":\"https:\/\/glifing.com\/#\/schema\/logo\/image\/\",\"url\":\"https:\/\/glifing.com\/wp-content\/uploads\/2022\/04\/Logo-petit-Glifing-color-claim.png\",\"contentUrl\":\"https:\/\/glifing.com\/wp-content\/uploads\/2022\/04\/Logo-petit-Glifing-color-claim.png\",\"width\":1000,\"height\":453,\"caption\":\"Glifing\"},\"image\":{\"@id\":\"https:\/\/glifing.com\/#\/schema\/logo\/image\/\"},\"sameAs\":[\"https:\/\/www.facebook.com\/glifing\",\"https:\/\/x.com\/glifing\",\"https:\/\/www.instagram.com\/glifing\/\",\"https:\/\/www.youtube.com\/channel\/UCWRD45tUQSZ1ARcZt402WwA\"]},{\"@type\":\"Person\",\"@id\":\"https:\/\/glifing.com\/#\/schema\/person\/0d8b4c23b988cf26bfb8d3852431aeed\",\"name\":\"newWebsite\",\"image\":{\"@type\":\"ImageObject\",\"inLanguage\":\"ca\",\"@id\":\"https:\/\/glifing.com\/#\/schema\/person\/image\/\",\"url\":\"https:\/\/secure.gravatar.com\/avatar\/9b5ddd4de94b6e454756ba59a0913a50fda0b37673df7f8c00baae1efb9e100e?s=96&d=mm&r=g\",\"contentUrl\":\"https:\/\/secure.gravatar.com\/avatar\/9b5ddd4de94b6e454756ba59a0913a50fda0b37673df7f8c00baae1efb9e100e?s=96&d=mm&r=g\",\"caption\":\"newWebsite\"},\"url\":\"https:\/\/glifing.com\/ca\/blog\/author\/newwebsite\/\"}]}<\/script>\n<!-- \/ Yoast SEO Premium plugin. -->","yoast_head_json":{"title":"Quan aprendre fa mal: l\u2019abandonament infantil i el bloqueig en l'aprenentatge - Glifing","description":"Descobreix com l'abandonament infantil, f\u00edsic i emocional, provoca un bloqueig en l'aprenentatge. Ajudem els infants a superar-les.","robots":{"index":"index","follow":"follow","max-snippet":"max-snippet:-1","max-image-preview":"max-image-preview:large","max-video-preview":"max-video-preview:-1"},"canonical":"https:\/\/glifing.com\/ca\/blog\/abandonament-infantil-bloqueig-aprenentatge\/","og_locale":"ca_ES","og_type":"article","og_title":"Quan aprendre fa mal: l\u2019abandonament infantil i el bloqueig en l'aprenentatge","og_description":"Descobreix com l'abandonament infantil, f\u00edsic i emocional, provoca un bloqueig en l'aprenentatge. Ajudem els infants a superar-les.","og_url":"https:\/\/glifing.com\/ca\/blog\/abandonament-infantil-bloqueig-aprenentatge\/","og_site_name":"Glifing","article_publisher":"https:\/\/www.facebook.com\/glifing","article_published_time":"2025-07-24T14:34:59+00:00","article_modified_time":"2026-03-23T17:15:44+00:00","og_image":[{"width":1024,"height":576,"url":"https:\/\/glifing.com\/wp-content\/uploads\/2025\/07\/2025.-07-Abandono-Infantil-Portada-1024x576.png","type":"image\/png"}],"author":"newWebsite","twitter_card":"summary_large_image","twitter_creator":"@glifing","twitter_site":"@glifing","twitter_misc":{"Escrit per":"newWebsite","Temps estimat de lectura":"13 minuts"},"schema":{"@context":"https:\/\/schema.org","@graph":[{"@type":["Article","BlogPosting"],"@id":"https:\/\/glifing.com\/ca\/blog\/abandonament-infantil-bloqueig-aprenentatge\/#article","isPartOf":{"@id":"https:\/\/glifing.com\/ca\/blog\/abandonament-infantil-bloqueig-aprenentatge\/"},"author":{"name":"newWebsite","@id":"https:\/\/glifing.com\/#\/schema\/person\/0d8b4c23b988cf26bfb8d3852431aeed"},"headline":"Quan aprendre fa mal: l\u2019abandonament infantil i el bloqueig en l&#8217;aprenentatge","datePublished":"2025-07-24T14:34:59+00:00","dateModified":"2026-03-23T17:15:44+00:00","mainEntityOfPage":{"@id":"https:\/\/glifing.com\/ca\/blog\/abandonament-infantil-bloqueig-aprenentatge\/"},"wordCount":2862,"commentCount":0,"publisher":{"@id":"https:\/\/glifing.com\/#organization"},"image":{"@id":"https:\/\/glifing.com\/ca\/blog\/abandonament-infantil-bloqueig-aprenentatge\/#primaryimage"},"thumbnailUrl":"https:\/\/glifing.com\/wp-content\/uploads\/2025\/07\/2025.-07-Abandono-Infantil-Portada.png","keywords":["abandonament","aprenentatge","dificultats de lectura","lectura"],"articleSection":["Problemes d'aprenentatge"],"inLanguage":"ca","potentialAction":[{"@type":"CommentAction","name":"Comment","target":["https:\/\/glifing.com\/ca\/blog\/abandonament-infantil-bloqueig-aprenentatge\/#respond"]}]},{"@type":["WebPage","ItemPage"],"@id":"https:\/\/glifing.com\/ca\/blog\/abandonament-infantil-bloqueig-aprenentatge\/","url":"https:\/\/glifing.com\/ca\/blog\/abandonament-infantil-bloqueig-aprenentatge\/","name":"Quan aprendre fa mal: l\u2019abandonament infantil i el bloqueig en l'aprenentatge - Glifing","isPartOf":{"@id":"https:\/\/glifing.com\/#website"},"primaryImageOfPage":{"@id":"https:\/\/glifing.com\/ca\/blog\/abandonament-infantil-bloqueig-aprenentatge\/#primaryimage"},"image":{"@id":"https:\/\/glifing.com\/ca\/blog\/abandonament-infantil-bloqueig-aprenentatge\/#primaryimage"},"thumbnailUrl":"https:\/\/glifing.com\/wp-content\/uploads\/2025\/07\/2025.-07-Abandono-Infantil-Portada.png","datePublished":"2025-07-24T14:34:59+00:00","dateModified":"2026-03-23T17:15:44+00:00","description":"Descobreix com l'abandonament infantil, f\u00edsic i emocional, provoca un bloqueig en l'aprenentatge. Ajudem els infants a superar-les.","breadcrumb":{"@id":"https:\/\/glifing.com\/ca\/blog\/abandonament-infantil-bloqueig-aprenentatge\/#breadcrumb"},"inLanguage":"ca","potentialAction":[{"@type":"ReadAction","target":["https:\/\/glifing.com\/ca\/blog\/abandonament-infantil-bloqueig-aprenentatge\/"]}]},{"@type":"ImageObject","inLanguage":"ca","@id":"https:\/\/glifing.com\/ca\/blog\/abandonament-infantil-bloqueig-aprenentatge\/#primaryimage","url":"https:\/\/glifing.com\/wp-content\/uploads\/2025\/07\/2025.-07-Abandono-Infantil-Portada.png","contentUrl":"https:\/\/glifing.com\/wp-content\/uploads\/2025\/07\/2025.-07-Abandono-Infantil-Portada.png","width":1920,"height":1080,"caption":"Abandono infantil y bloqueo emocional"},{"@type":"BreadcrumbList","@id":"https:\/\/glifing.com\/ca\/blog\/abandonament-infantil-bloqueig-aprenentatge\/#breadcrumb","itemListElement":[{"@type":"ListItem","position":1,"name":"Portada","item":"https:\/\/glifing.com\/"},{"@type":"ListItem","position":2,"name":"Quan aprendre fa mal: l\u2019abandonament infantil i el bloqueig en l&#8217;aprenentatge"}]},{"@type":"WebSite","@id":"https:\/\/glifing.com\/#website","url":"https:\/\/glifing.com\/","name":"Glifing","description":"Entrenamiento de la lectura","publisher":{"@id":"https:\/\/glifing.com\/#organization"},"potentialAction":[{"@type":"SearchAction","target":{"@type":"EntryPoint","urlTemplate":"https:\/\/glifing.com\/?s={search_term_string}"},"query-input":{"@type":"PropertyValueSpecification","valueRequired":true,"valueName":"search_term_string"}}],"inLanguage":"ca"},{"@type":"Organization","@id":"https:\/\/glifing.com\/#organization","name":"Glifing","url":"https:\/\/glifing.com\/","logo":{"@type":"ImageObject","inLanguage":"ca","@id":"https:\/\/glifing.com\/#\/schema\/logo\/image\/","url":"https:\/\/glifing.com\/wp-content\/uploads\/2022\/04\/Logo-petit-Glifing-color-claim.png","contentUrl":"https:\/\/glifing.com\/wp-content\/uploads\/2022\/04\/Logo-petit-Glifing-color-claim.png","width":1000,"height":453,"caption":"Glifing"},"image":{"@id":"https:\/\/glifing.com\/#\/schema\/logo\/image\/"},"sameAs":["https:\/\/www.facebook.com\/glifing","https:\/\/x.com\/glifing","https:\/\/www.instagram.com\/glifing\/","https:\/\/www.youtube.com\/channel\/UCWRD45tUQSZ1ARcZt402WwA"]},{"@type":"Person","@id":"https:\/\/glifing.com\/#\/schema\/person\/0d8b4c23b988cf26bfb8d3852431aeed","name":"newWebsite","image":{"@type":"ImageObject","inLanguage":"ca","@id":"https:\/\/glifing.com\/#\/schema\/person\/image\/","url":"https:\/\/secure.gravatar.com\/avatar\/9b5ddd4de94b6e454756ba59a0913a50fda0b37673df7f8c00baae1efb9e100e?s=96&d=mm&r=g","contentUrl":"https:\/\/secure.gravatar.com\/avatar\/9b5ddd4de94b6e454756ba59a0913a50fda0b37673df7f8c00baae1efb9e100e?s=96&d=mm&r=g","caption":"newWebsite"},"url":"https:\/\/glifing.com\/ca\/blog\/author\/newwebsite\/"}]}},"_links":{"self":[{"href":"https:\/\/glifing.com\/ca\/wp-json\/wp\/v2\/posts\/22852","targetHints":{"allow":["GET"]}}],"collection":[{"href":"https:\/\/glifing.com\/ca\/wp-json\/wp\/v2\/posts"}],"about":[{"href":"https:\/\/glifing.com\/ca\/wp-json\/wp\/v2\/types\/post"}],"author":[{"embeddable":true,"href":"https:\/\/glifing.com\/ca\/wp-json\/wp\/v2\/users\/1"}],"replies":[{"embeddable":true,"href":"https:\/\/glifing.com\/ca\/wp-json\/wp\/v2\/comments?post=22852"}],"version-history":[{"count":2,"href":"https:\/\/glifing.com\/ca\/wp-json\/wp\/v2\/posts\/22852\/revisions"}],"predecessor-version":[{"id":22855,"href":"https:\/\/glifing.com\/ca\/wp-json\/wp\/v2\/posts\/22852\/revisions\/22855"}],"wp:featuredmedia":[{"embeddable":true,"href":"https:\/\/glifing.com\/ca\/wp-json\/wp\/v2\/media\/22838"}],"wp:attachment":[{"href":"https:\/\/glifing.com\/ca\/wp-json\/wp\/v2\/media?parent=22852"}],"wp:term":[{"taxonomy":"category","embeddable":true,"href":"https:\/\/glifing.com\/ca\/wp-json\/wp\/v2\/categories?post=22852"},{"taxonomy":"post_tag","embeddable":true,"href":"https:\/\/glifing.com\/ca\/wp-json\/wp\/v2\/tags?post=22852"}],"curies":[{"name":"wp","href":"https:\/\/api.w.org\/{rel}","templated":true}]}}