{"id":15652,"date":"2024-04-22T14:25:44","date_gmt":"2024-04-22T12:25:44","guid":{"rendered":"https:\/\/glifing.com\/glifing\/?p=15652"},"modified":"2025-12-18T21:33:37","modified_gmt":"2025-12-18T20:33:37","slug":"ensenyar-a-llegir-a-infants-amb-autisme","status":"publish","type":"post","link":"https:\/\/glifing.com\/ca\/blog\/ensenyar-a-llegir-a-infants-amb-autisme\/","title":{"rendered":"Ensenyar a llegir a infants amb autisme"},"content":{"rendered":"<h2>Ensenyar a llegir una persona neurodivergent no sempre \u00e9s f\u00e0cil, per\u00f2 amb comprom\u00eds, feina constant i les eines adequades \u00e9s possible.<\/h2>\n<p><b>Fins fa ben poc es creia que les persones amb discapacitat autista no havien de llegir. Avui dia, fins i tot hi ha professionals que es pregunten si els infants autistes poden llegir. I la resposta, en molts casos, \u00e9s \u201cs\u00ed i, a m\u00e9s a m\u00e9s, llegir els ajuda\u201d. O sigui que \u00e9s important buscar activitats i estrat\u00e8gies per ensenyar a llegir infants amb autisme.\u00a0<\/b><\/p>\n<blockquote><p><i><span style=\"font-weight: 400;\">\u201cEls infants autistes poden aprendre a llegir i, a m\u00e9s a m\u00e9s, llegir els ajuda.\u201d<\/span><\/i><\/p><\/blockquote>\n<h2>Qu\u00e8 \u00e9s l\u2019autisme?<\/h2>\n<p>La Confederaci\u00f3 Autisme Espanya, al seu <a href=\"https:\/\/autismo.org.es\/\" target=\"_blank\" rel=\"noopener\">web<\/a>, defineix l\u2019autisme o el <strong>TEA (trastorn de l\u2019espectre autista)<\/strong> com un trastorn d\u2019origen neurobiol\u00f2gic que afecta la configuraci\u00f3 del sistema nervi\u00f3s i el funcionament cerebral. Acompanya la persona al llarg de la vida, i dificulta i perjudica, fonamentalment, dues \u00e0rees del funcionament personal: la comunicaci\u00f3 i la interacci\u00f3 social, i tamb\u00e9 la flexibilitat del comportament i del pensament.<\/p>\n<p>No hi ha cap resposta clara per definir quines s\u00f3n les causes o l\u2019origen de l\u2019autisme, ja que, fins ara, no s\u2019ha descobert un \u00fanic gen que s\u2019hi vinculi directament, sin\u00f3 que \u00e9s el resultat de m\u00faltiples mutacions en interacci\u00f3 amb l\u2019ambient. De fet, la ci\u00e8ncia estipula que hi ha m\u00e9s de cent possibles gens diferents que poden estar implicats en el TEA, i els factors ambientals (com certes caracter\u00edstiques dels progenitors o esdeveniments perinatals) contribueixen, en bona part, que es desenvolupi i evolucioni la condici\u00f3 autista.<\/p>\n<h4>La diversitat dins de l&#8217;espectre i el dret a l&#8217;educaci\u00f3.<\/h4>\n<p><strong>L\u2019autisme es defineix com una discapacitat invisible<\/strong>, ja que no s\u2019hi associa cap tret f\u00edsic i diferenciador. Es manifesta, \u00fanicament, en el camp de les compet\u00e8ncies cognitives de la persona i del seu comportament. I destaca el fet que no hi ha dues persones amb TEA iguals. Malgrat que comparteixin el mateix diagn\u00f2stic, cada una t\u00e9 els seus propis interessos, capacitats i necessitats.<\/p>\n<p>Per aix\u00f2 \u00e9s important atendre les necessitats de les persones autistes de manera individual, i desenvolupar estrat\u00e8gies i activitats adequades per a cada persona, sigui un adult o un infant. En el terreny de l\u2019educaci\u00f3, tamb\u00e9 cal ser molt cur\u00f3s a l\u2019hora d\u2019ensenyar a un infant amb autisme per tal de no privar-lo del dret que t\u00e9 a aprendre. Tot i les dificultats inicials, aprendre li pot obrir tot un m\u00f3n de possibilitats. Perqu\u00e8 tot i que a vegades l\u2019autisme es pot associar a altres condicions com la discapacitat intel\u00b7lectual, els trastorns del llenguatge o problemes de salut mental, no sempre \u00e9s aix\u00ed, i \u00e9s important disposar de metodologies i estrat\u00e8gies per ensenyar a infants autistes.<\/p>\n<h4>Estrat\u00e8gies de lectura per a infants amb TEA.<\/h4>\n<p>En el cas de la lectura, malgrat que encara avui dia hi hagi persones que creuen que els infants autistes no poden llegir, aquesta creen\u00e7a no \u00e9s certa. No nom\u00e9s<strong> poden aprendre a llegir<\/strong>, sin\u00f3 que ho han de fer perqu\u00e8 llegir els ajuda en el dia a dia. Aix\u00ed, doncs, \u00e9s important buscar estrat\u00e8gies per ensenyar a llegir un infant amb autisme, i tamb\u00e9 fer jocs i activitats adequats per a ell. Recentment, Glifing s\u2019ha focalitzat a ensenyar a llegir infants amb autisme, i tamb\u00e9 adults que fins ara han estat privats de l\u2019aprenentatge de la lectura.<\/p>\n<p><img fetchpriority=\"high\" decoding=\"async\" class=\"alignleft wp-image-15648\" src=\"https:\/\/glifing.com\/glifing\/wp-content\/uploads\/2024\/04\/2024.04-Imagen-interior-ARTICULO-AUTISMO-300x194.png\" alt=\"Ense\u00f1ar a leer a una ni\u00f1a con autismo\" width=\"315\" height=\"204\" srcset=\"https:\/\/glifing.com\/wp-content\/uploads\/2024\/04\/2024.04-Imagen-interior-ARTICULO-AUTISMO-300x194.png 300w, https:\/\/glifing.com\/wp-content\/uploads\/2024\/04\/2024.04-Imagen-interior-ARTICULO-AUTISMO-1024x664.png 1024w, https:\/\/glifing.com\/wp-content\/uploads\/2024\/04\/2024.04-Imagen-interior-ARTICULO-AUTISMO-768x498.png 768w, https:\/\/glifing.com\/wp-content\/uploads\/2024\/04\/2024.04-Imagen-interior-ARTICULO-AUTISMO-600x389.png 600w, https:\/\/glifing.com\/wp-content\/uploads\/2024\/04\/2024.04-Imagen-interior-ARTICULO-AUTISMO.png 1080w\" sizes=\"(max-width: 315px) 100vw, 315px\" \/><\/p>\n<p>Cal tenir en compte que el trastorn de <strong>l\u2019espectre autista acompanya la persona durant tota la vida<\/strong>, malgrat que es manifesti de manera diferent en funci\u00f3 de l\u2019etapa vital, de les experi\u00e8ncies i dels suports de qu\u00e8 disposi. La fam\u00edlia \u00e9s el suport principal de la persona amb autisme, ja que aquest trastorn impacta no nom\u00e9s en qui el t\u00e9, sin\u00f3 en totes les persones properes. Disposar del suport de les fam\u00edlies \u00e9s vital per a aquestes persones, per al seu dia a dia, per desenvolupar-se i evolucionar. I que les fam\u00edlies, d\u2019altra banda, tinguin el suport de la societat i recursos per millorar la qualitat de vida de tots ells \u00e9s cada cop m\u00e9s prioritari.<\/p>\n<h2>Cas pr\u00e0ctic: en Pablo, de 8 anys<\/h2>\n<p>El que per a molts infants \u00e9s un proc\u00e9s gradual i fluid, per a en Pablo no ho va pas ser. En Pablo \u00e9s un nen de 8 anys que va ser diagnosticat d\u2019autisme al Centre d\u2019Atenci\u00f3 Neuropsicol\u00f2gica Cognity.<\/p>\n<p>Despr\u00e9s d\u2019haver fet diverses ter\u00e0pies, la mare, conscient dels aven\u00e7os aconseguits, se\u2019n va proposar un de m\u00e9s ambici\u00f3s: ensenyar en Pablo a llegir. Va comen\u00e7ar amb un m\u00e8tode tradicional, juntament amb l\u2019escola on va. I, en aquest proc\u00e9s, li vam parlar de Glifing. No sab\u00edem com respondria, per\u00f2 vam decidir provar-ho.<\/p>\n<p>El primer pas va ser fer-li l\u2019avaluaci\u00f3 que proposa Glifing mitjan\u00e7ant la plataforma. Voldria destacar que va ser bastant f\u00e0cil malgrat les dificultats atencionals que presenta en Pablo, ja que \u00e9s una avaluaci\u00f3 que requereix molt poc temps i els est\u00edmuls s\u00f3n canviants, i aix\u00f2 li cridava l\u2019atenci\u00f3. Aquesta avaluaci\u00f3, tot i ser curta i r\u00e0pida, ens dona molta informaci\u00f3 sobre el punt de partida pel que fa a la lectura de l\u2019infant.<\/p>\n<h4>Entrenament i evoluci\u00f3: de la cl\u00ednica a la llar.<\/h4>\n<p>Llavors vam comen\u00e7ar a fer les sessions d\u2019entrenament a la cl\u00ednica amb l\u2019objectiu que en Pablo s\u2019adapt\u00e9s a la metodologia i la mare aprengu\u00e9s a fer servir correctament la plataforma. Vam fer sessions com Atents, Sonen igual? i Mem\u00f2ria infantil amb la finalitat de treballar les funcions executives i el vocabulari. Vam notar com comen\u00e7ava a millorar l\u2019atenci\u00f3, la mem\u00f2ria a curt termini, el vocabulari i la flexibilitat cognitiva.<\/p>\n<p>Despr\u00e9s vam continuar l\u2019entrenament des de casa amb sessions di\u00e0ries i, un cop cada 15 dies, al centre. Com que la fam\u00edlia viu a fora de la ciutat, aquesta metodologia ens va facilitar l\u2019entrenament. Vam comen\u00e7ar a treballar en la conversi\u00f3 grafema-fonema com a rep\u00e0s, i despr\u00e9s, r\u00e0pidament, vam passar a la descodificaci\u00f3 de s\u00edl\u00b7labes i, llavors, de paraules. I continuem treballant per millorar la flu\u00efdesa i la comprensi\u00f3, que \u00e9s el repte m\u00e9s gran que t\u00e9 en Pablo.<\/p>\n<p style=\"text-align: center;\"><strong>Millora la lectura dels nens amb autisme amb Glifi<\/strong>ng<\/p>\n<p><a href=\"https:\/\/lectura.glifing.com\/Demo-Glifing-gratis-ca\" target=\"_blank\" rel=\"noopener\"><img decoding=\"async\" class=\"size-medium wp-image-16729 aligncenter\" src=\"https:\/\/glifing.com\/glifing\/wp-content\/uploads\/2021\/07\/DEMO-SESIONES-GRATIS-CAT-300x67.png\" alt=\"Demo sessions Glifing gratis\" width=\"300\" height=\"67\" srcset=\"https:\/\/glifing.com\/wp-content\/uploads\/2021\/07\/DEMO-SESIONES-GRATIS-CAT-300x67.png 300w, https:\/\/glifing.com\/wp-content\/uploads\/2021\/07\/DEMO-SESIONES-GRATIS-CAT-1024x227.png 1024w, https:\/\/glifing.com\/wp-content\/uploads\/2021\/07\/DEMO-SESIONES-GRATIS-CAT-768x170.png 768w, https:\/\/glifing.com\/wp-content\/uploads\/2021\/07\/DEMO-SESIONES-GRATIS-CAT-1536x341.png 1536w, https:\/\/glifing.com\/wp-content\/uploads\/2021\/07\/DEMO-SESIONES-GRATIS-CAT-600x133.png 600w, https:\/\/glifing.com\/wp-content\/uploads\/2021\/07\/DEMO-SESIONES-GRATIS-CAT.png 2000w\" sizes=\"(max-width: 300px) 100vw, 300px\" \/><\/a><\/p>\n<h2>Per qu\u00e8 vam decidir fer servir Glifing?<\/h2>\n<p>Perqu\u00e8 \u00e9s una metodologia estructurada i sistem\u00e0tica. Perqu\u00e8, mitjan\u00e7ant el m\u00e8tode tradicional, en Pablo s\u2019avorria i deixava r\u00e0pidament de parar atenci\u00f3. O sigui que hav\u00edem de provar altres maneres d\u2019ensenyar-li a llegir. <strong>Glifing \u00e9s divertit per a ell perqu\u00e8 ho veu com un joc.<\/strong><\/p>\n<h2>Quines recomanacions haur\u00edem de tenir en compte quan s\u2019ensenya a llegir un infant amb autisme?<\/h2>\n<ul>\n<li>Con\u00e8ixer les habilitats de l\u2019infant i quines prefer\u00e8ncies i interessos t\u00e9.<\/li>\n<li>Prioritzar la lectura de temes que l\u2019interessin per fer-li cr\u00e9ixer la motivaci\u00f3.<\/li>\n<li>Tenir en compte el temps en qu\u00e8 es pot mantenir enfocat en una activitat per no exigir-li m\u00e9s del que \u00e9s capa\u00e7 de fer i, aix\u00ed, evitar frustracions.<\/li>\n<li>Triar material amb suport visual per facilitar la comprensi\u00f3 lectora.<\/li>\n<\/ul>\n<p>Testimoni de la mare:<\/p>\n<blockquote><p>Actualment, fa 8 mesos que fem servir la plataforma Glifing i hem obtingut resultats incre\u00efbles.<br \/>\nEn Pablo ha augmentat el vocabulari, la precisi\u00f3 lectora, la velocitat i, el m\u00e9s important, t\u00e9 una imatge visual del que llegeix.<br \/>\nGlifing, Cognity i el nostre comprom\u00eds s\u00ed que funcionen.<br \/>\nEl que ens cal \u00e9s perseveran\u00e7a i comprom\u00eds.<\/p><\/blockquote>\n<p><a href=\"https:\/\/d25ltszcjeom5i.cloudfront.net\/104597\/tgczoafuim\/10_COSES_online_links_cat.pdf\" target=\"_blank\" rel=\"noopener\"><img decoding=\"async\" class=\"size-medium wp-image-14836 aligncenter\" src=\"https:\/\/glifing.com\/glifing\/wp-content\/uploads\/2020\/12\/Ebook-10-cosas-Catalan-300x225.png\" alt=\"Ebook 10 cosas Catalan\" width=\"300\" height=\"225\" srcset=\"https:\/\/glifing.com\/wp-content\/uploads\/2020\/12\/Ebook-10-cosas-Catalan-300x225.png 300w, https:\/\/glifing.com\/wp-content\/uploads\/2020\/12\/Ebook-10-cosas-Catalan.png 500w\" sizes=\"(max-width: 300px) 100vw, 300px\" \/><\/a><\/p>\n<p>Vols saber com podem ajudar els nens amb autisme? <a href=\"https:\/\/glifing.com\/glifing\/ca\/contacte-cat\/\" target=\"_blank\" rel=\"noopener\"><span style=\"color: #ff9900;\"><strong>Contacta amb nosaltres<\/strong><\/span><\/a><\/p>\n","protected":false},"excerpt":{"rendered":"<p>Ensenyar a llegir una persona neurodivergent no sempre \u00e9s f\u00e0cil, per\u00f2 amb comprom\u00eds, feina constant i les eines adequades \u00e9s possible. Fins fa ben poc es creia que les persones amb discapacitat autista no havien de llegir. Avui dia, fins i tot hi ha professionals que es pregunten si els infants autistes poden llegir. I [&hellip;]<\/p>\n","protected":false},"author":1,"featured_media":15646,"comment_status":"open","ping_status":"open","sticky":false,"template":"","format":"standard","meta":{"_acf_changed":false,"_monsterinsights_skip_tracking":false,"_monsterinsights_sitenote_active":false,"_monsterinsights_sitenote_note":"","_monsterinsights_sitenote_category":0,"ocean_post_layout":"","ocean_both_sidebars_style":"","ocean_both_sidebars_content_width":0,"ocean_both_sidebars_sidebars_width":0,"ocean_sidebar":"0","ocean_second_sidebar":"0","ocean_disable_margins":"enable","ocean_add_body_class":"","ocean_shortcode_before_top_bar":"","ocean_shortcode_after_top_bar":"","ocean_shortcode_before_header":"","ocean_shortcode_after_header":"","ocean_has_shortcode":"","ocean_shortcode_after_title":"","ocean_shortcode_before_footer_widgets":"","ocean_shortcode_after_footer_widgets":"","ocean_shortcode_before_footer_bottom":"","ocean_shortcode_after_footer_bottom":"","ocean_display_top_bar":"default","ocean_display_header":"default","ocean_header_style":"","ocean_center_header_left_menu":"0","ocean_custom_header_template":"0","ocean_custom_logo":0,"ocean_custom_retina_logo":0,"ocean_custom_logo_max_width":0,"ocean_custom_logo_tablet_max_width":0,"ocean_custom_logo_mobile_max_width":0,"ocean_custom_logo_max_height":0,"ocean_custom_logo_tablet_max_height":0,"ocean_custom_logo_mobile_max_height":0,"ocean_header_custom_menu":"0","ocean_menu_typo_font_family":"0","ocean_menu_typo_font_subset":"","ocean_menu_typo_font_size":0,"ocean_menu_typo_font_size_tablet":0,"ocean_menu_typo_font_size_mobile":0,"ocean_menu_typo_font_size_unit":"px","ocean_menu_typo_font_weight":"","ocean_menu_typo_font_weight_tablet":"","ocean_menu_typo_font_weight_mobile":"","ocean_menu_typo_transform":"","ocean_menu_typo_transform_tablet":"","ocean_menu_typo_transform_mobile":"","ocean_menu_typo_line_height":0,"ocean_menu_typo_line_height_tablet":0,"ocean_menu_typo_line_height_mobile":0,"ocean_menu_typo_line_height_unit":"","ocean_menu_typo_spacing":0,"ocean_menu_typo_spacing_tablet":0,"ocean_menu_typo_spacing_mobile":0,"ocean_menu_typo_spacing_unit":"","ocean_menu_link_color":"","ocean_menu_link_color_hover":"","ocean_menu_link_color_active":"","ocean_menu_link_background":"","ocean_menu_link_hover_background":"","ocean_menu_link_active_background":"","ocean_menu_social_links_bg":"","ocean_menu_social_hover_links_bg":"","ocean_menu_social_links_color":"","ocean_menu_social_hover_links_color":"","ocean_disable_title":"default","ocean_disable_heading":"default","ocean_post_title":"","ocean_post_subheading":"","ocean_post_title_style":"","ocean_post_title_background_color":"","ocean_post_title_background":0,"ocean_post_title_bg_image_position":"","ocean_post_title_bg_image_attachment":"","ocean_post_title_bg_image_repeat":"","ocean_post_title_bg_image_size":"","ocean_post_title_height":0,"ocean_post_title_bg_overlay":0.5,"ocean_post_title_bg_overlay_color":"","ocean_disable_breadcrumbs":"default","ocean_breadcrumbs_color":"","ocean_breadcrumbs_separator_color":"","ocean_breadcrumbs_links_color":"","ocean_breadcrumbs_links_hover_color":"","ocean_display_footer_widgets":"default","ocean_display_footer_bottom":"default","ocean_custom_footer_template":"0","ocean_post_oembed":"","ocean_post_self_hosted_media":"","ocean_post_video_embed":"","ocean_link_format":"","ocean_link_format_target":"self","ocean_quote_format":"","ocean_quote_format_link":"post","ocean_gallery_link_images":"on","ocean_gallery_id":[],"footnotes":""},"categories":[231,237],"tags":[252,253],"class_list":["post-15652","post","type-post","status-publish","format-standard","has-post-thumbnail","hentry","category-cas-dexit","category-problemes-daprenentatge","tag-autisme","tag-ensenyar-a-llegir-a-un-infant-auntista","entry","has-media","owp-thumbs-layout-horizontal","owp-btn-normal","owp-tabs-layout-horizontal","has-no-thumbnails","has-product-nav"],"acf":[],"yoast_head":"<!-- This site is optimized with the Yoast SEO Premium plugin v23.7 (Yoast SEO v26.9) - https:\/\/yoast.com\/product\/yoast-seo-premium-wordpress\/ -->\n<title>Ensenyar a llegir a infants amb autisme - Glifing<\/title>\n<meta name=\"description\" content=\"Pablo \u00e9s un nen de 8 anys que va ser diagnosticat d&#039;Autisme en el Centre d&#039;Atenci\u00f3 Neuropsicol\u00f2gica Cognity, a Hondures. Li ensenyaren a llegir amb Glifing, perqu\u00e8 \u00e9s divertit per a ell, ho veu com un joc.\" \/>\n<meta name=\"robots\" content=\"index, follow, max-snippet:-1, max-image-preview:large, max-video-preview:-1\" \/>\n<link rel=\"canonical\" href=\"https:\/\/glifing.com\/ca\/blog\/ensenyar-a-llegir-a-infants-amb-autisme\/\" \/>\n<meta property=\"og:locale\" content=\"ca_ES\" \/>\n<meta property=\"og:type\" content=\"article\" \/>\n<meta property=\"og:title\" content=\"Ensenyar a llegir a infants amb autisme\" \/>\n<meta property=\"og:description\" content=\"Pablo \u00e9s un nen de 8 anys que va ser diagnosticat d&#039;Autisme en el Centre d&#039;Atenci\u00f3 Neuropsicol\u00f2gica Cognity, a Hondures. Li ensenyaren a llegir amb Glifing, perqu\u00e8 \u00e9s divertit per a ell, ho veu com un joc.\" \/>\n<meta property=\"og:url\" content=\"https:\/\/glifing.com\/ca\/blog\/ensenyar-a-llegir-a-infants-amb-autisme\/\" \/>\n<meta property=\"og:site_name\" content=\"Glifing\" \/>\n<meta property=\"article:publisher\" content=\"https:\/\/www.facebook.com\/glifing\" \/>\n<meta property=\"article:published_time\" content=\"2024-04-22T12:25:44+00:00\" \/>\n<meta property=\"article:modified_time\" content=\"2025-12-18T20:33:37+00:00\" \/>\n<meta property=\"og:image\" content=\"https:\/\/glifing.com\/wp-content\/uploads\/2024\/04\/2024.04-Portada-aticulo-AUTISMO-.png\" \/>\n\t<meta property=\"og:image:width\" content=\"1920\" \/>\n\t<meta property=\"og:image:height\" content=\"1080\" \/>\n\t<meta property=\"og:image:type\" content=\"image\/png\" \/>\n<meta name=\"author\" content=\"newWebsite\" \/>\n<meta name=\"twitter:card\" content=\"summary_large_image\" \/>\n<meta name=\"twitter:creator\" content=\"@glifing\" \/>\n<meta name=\"twitter:site\" content=\"@glifing\" \/>\n<meta name=\"twitter:label1\" content=\"Escrit per\" \/>\n\t<meta name=\"twitter:data1\" content=\"newWebsite\" \/>\n\t<meta name=\"twitter:label2\" content=\"Temps estimat de lectura\" \/>\n\t<meta name=\"twitter:data2\" content=\"6 minuts\" \/>\n<script type=\"application\/ld+json\" class=\"yoast-schema-graph\">{\"@context\":\"https:\/\/schema.org\",\"@graph\":[{\"@type\":[\"Article\",\"BlogPosting\"],\"@id\":\"https:\/\/glifing.com\/ca\/blog\/ensenyar-a-llegir-a-infants-amb-autisme\/#article\",\"isPartOf\":{\"@id\":\"https:\/\/glifing.com\/ca\/blog\/ensenyar-a-llegir-a-infants-amb-autisme\/\"},\"author\":{\"name\":\"newWebsite\",\"@id\":\"https:\/\/glifing.com\/#\/schema\/person\/0d8b4c23b988cf26bfb8d3852431aeed\"},\"headline\":\"Ensenyar a llegir a infants amb autisme\",\"datePublished\":\"2024-04-22T12:25:44+00:00\",\"dateModified\":\"2025-12-18T20:33:37+00:00\",\"mainEntityOfPage\":{\"@id\":\"https:\/\/glifing.com\/ca\/blog\/ensenyar-a-llegir-a-infants-amb-autisme\/\"},\"wordCount\":1327,\"commentCount\":0,\"publisher\":{\"@id\":\"https:\/\/glifing.com\/#organization\"},\"image\":{\"@id\":\"https:\/\/glifing.com\/ca\/blog\/ensenyar-a-llegir-a-infants-amb-autisme\/#primaryimage\"},\"thumbnailUrl\":\"https:\/\/glifing.com\/wp-content\/uploads\/2024\/04\/2024.04-Portada-aticulo-AUTISMO-.png\",\"keywords\":[\"autisme\",\"ensenyar a llegir a un infant auntista\"],\"articleSection\":[\"Cas d'\u00e8xit\",\"Problemes d'aprenentatge\"],\"inLanguage\":\"ca\",\"potentialAction\":[{\"@type\":\"CommentAction\",\"name\":\"Comment\",\"target\":[\"https:\/\/glifing.com\/ca\/blog\/ensenyar-a-llegir-a-infants-amb-autisme\/#respond\"]}]},{\"@type\":[\"WebPage\",\"ItemPage\"],\"@id\":\"https:\/\/glifing.com\/ca\/blog\/ensenyar-a-llegir-a-infants-amb-autisme\/\",\"url\":\"https:\/\/glifing.com\/ca\/blog\/ensenyar-a-llegir-a-infants-amb-autisme\/\",\"name\":\"Ensenyar a llegir a infants amb autisme - Glifing\",\"isPartOf\":{\"@id\":\"https:\/\/glifing.com\/#website\"},\"primaryImageOfPage\":{\"@id\":\"https:\/\/glifing.com\/ca\/blog\/ensenyar-a-llegir-a-infants-amb-autisme\/#primaryimage\"},\"image\":{\"@id\":\"https:\/\/glifing.com\/ca\/blog\/ensenyar-a-llegir-a-infants-amb-autisme\/#primaryimage\"},\"thumbnailUrl\":\"https:\/\/glifing.com\/wp-content\/uploads\/2024\/04\/2024.04-Portada-aticulo-AUTISMO-.png\",\"datePublished\":\"2024-04-22T12:25:44+00:00\",\"dateModified\":\"2025-12-18T20:33:37+00:00\",\"description\":\"Pablo \u00e9s un nen de 8 anys que va ser diagnosticat d'Autisme en el Centre d'Atenci\u00f3 Neuropsicol\u00f2gica Cognity, a Hondures. Li ensenyaren a llegir amb Glifing, perqu\u00e8 \u00e9s divertit per a ell, ho veu com un joc.\",\"breadcrumb\":{\"@id\":\"https:\/\/glifing.com\/ca\/blog\/ensenyar-a-llegir-a-infants-amb-autisme\/#breadcrumb\"},\"inLanguage\":\"ca\",\"potentialAction\":[{\"@type\":\"ReadAction\",\"target\":[\"https:\/\/glifing.com\/ca\/blog\/ensenyar-a-llegir-a-infants-amb-autisme\/\"]}]},{\"@type\":\"ImageObject\",\"inLanguage\":\"ca\",\"@id\":\"https:\/\/glifing.com\/ca\/blog\/ensenyar-a-llegir-a-infants-amb-autisme\/#primaryimage\",\"url\":\"https:\/\/glifing.com\/wp-content\/uploads\/2024\/04\/2024.04-Portada-aticulo-AUTISMO-.png\",\"contentUrl\":\"https:\/\/glifing.com\/wp-content\/uploads\/2024\/04\/2024.04-Portada-aticulo-AUTISMO-.png\",\"width\":1920,\"height\":1080,\"caption\":\"Autismo\"},{\"@type\":\"BreadcrumbList\",\"@id\":\"https:\/\/glifing.com\/ca\/blog\/ensenyar-a-llegir-a-infants-amb-autisme\/#breadcrumb\",\"itemListElement\":[{\"@type\":\"ListItem\",\"position\":1,\"name\":\"Portada\",\"item\":\"https:\/\/glifing.com\/\"},{\"@type\":\"ListItem\",\"position\":2,\"name\":\"Ensenyar a llegir a infants amb autisme\"}]},{\"@type\":\"WebSite\",\"@id\":\"https:\/\/glifing.com\/#website\",\"url\":\"https:\/\/glifing.com\/\",\"name\":\"Glifing\",\"description\":\"Entrenamiento de la lectura\",\"publisher\":{\"@id\":\"https:\/\/glifing.com\/#organization\"},\"potentialAction\":[{\"@type\":\"SearchAction\",\"target\":{\"@type\":\"EntryPoint\",\"urlTemplate\":\"https:\/\/glifing.com\/?s={search_term_string}\"},\"query-input\":{\"@type\":\"PropertyValueSpecification\",\"valueRequired\":true,\"valueName\":\"search_term_string\"}}],\"inLanguage\":\"ca\"},{\"@type\":\"Organization\",\"@id\":\"https:\/\/glifing.com\/#organization\",\"name\":\"Glifing\",\"url\":\"https:\/\/glifing.com\/\",\"logo\":{\"@type\":\"ImageObject\",\"inLanguage\":\"ca\",\"@id\":\"https:\/\/glifing.com\/#\/schema\/logo\/image\/\",\"url\":\"https:\/\/glifing.com\/wp-content\/uploads\/2022\/04\/Logo-petit-Glifing-color-claim.png\",\"contentUrl\":\"https:\/\/glifing.com\/wp-content\/uploads\/2022\/04\/Logo-petit-Glifing-color-claim.png\",\"width\":1000,\"height\":453,\"caption\":\"Glifing\"},\"image\":{\"@id\":\"https:\/\/glifing.com\/#\/schema\/logo\/image\/\"},\"sameAs\":[\"https:\/\/www.facebook.com\/glifing\",\"https:\/\/x.com\/glifing\",\"https:\/\/www.instagram.com\/glifing\/\",\"https:\/\/www.youtube.com\/channel\/UCWRD45tUQSZ1ARcZt402WwA\"]},{\"@type\":\"Person\",\"@id\":\"https:\/\/glifing.com\/#\/schema\/person\/0d8b4c23b988cf26bfb8d3852431aeed\",\"name\":\"newWebsite\",\"image\":{\"@type\":\"ImageObject\",\"inLanguage\":\"ca\",\"@id\":\"https:\/\/glifing.com\/#\/schema\/person\/image\/\",\"url\":\"https:\/\/secure.gravatar.com\/avatar\/9b5ddd4de94b6e454756ba59a0913a50fda0b37673df7f8c00baae1efb9e100e?s=96&d=mm&r=g\",\"contentUrl\":\"https:\/\/secure.gravatar.com\/avatar\/9b5ddd4de94b6e454756ba59a0913a50fda0b37673df7f8c00baae1efb9e100e?s=96&d=mm&r=g\",\"caption\":\"newWebsite\"},\"url\":\"https:\/\/glifing.com\/ca\/blog\/author\/newwebsite\/\"}]}<\/script>\n<!-- \/ Yoast SEO Premium plugin. -->","yoast_head_json":{"title":"Ensenyar a llegir a infants amb autisme - Glifing","description":"Pablo \u00e9s un nen de 8 anys que va ser diagnosticat d'Autisme en el Centre d'Atenci\u00f3 Neuropsicol\u00f2gica Cognity, a Hondures. Li ensenyaren a llegir amb Glifing, perqu\u00e8 \u00e9s divertit per a ell, ho veu com un joc.","robots":{"index":"index","follow":"follow","max-snippet":"max-snippet:-1","max-image-preview":"max-image-preview:large","max-video-preview":"max-video-preview:-1"},"canonical":"https:\/\/glifing.com\/ca\/blog\/ensenyar-a-llegir-a-infants-amb-autisme\/","og_locale":"ca_ES","og_type":"article","og_title":"Ensenyar a llegir a infants amb autisme","og_description":"Pablo \u00e9s un nen de 8 anys que va ser diagnosticat d'Autisme en el Centre d'Atenci\u00f3 Neuropsicol\u00f2gica Cognity, a Hondures. Li ensenyaren a llegir amb Glifing, perqu\u00e8 \u00e9s divertit per a ell, ho veu com un joc.","og_url":"https:\/\/glifing.com\/ca\/blog\/ensenyar-a-llegir-a-infants-amb-autisme\/","og_site_name":"Glifing","article_publisher":"https:\/\/www.facebook.com\/glifing","article_published_time":"2024-04-22T12:25:44+00:00","article_modified_time":"2025-12-18T20:33:37+00:00","og_image":[{"width":1920,"height":1080,"url":"https:\/\/glifing.com\/wp-content\/uploads\/2024\/04\/2024.04-Portada-aticulo-AUTISMO-.png","type":"image\/png"}],"author":"newWebsite","twitter_card":"summary_large_image","twitter_creator":"@glifing","twitter_site":"@glifing","twitter_misc":{"Escrit per":"newWebsite","Temps estimat de lectura":"6 minuts"},"schema":{"@context":"https:\/\/schema.org","@graph":[{"@type":["Article","BlogPosting"],"@id":"https:\/\/glifing.com\/ca\/blog\/ensenyar-a-llegir-a-infants-amb-autisme\/#article","isPartOf":{"@id":"https:\/\/glifing.com\/ca\/blog\/ensenyar-a-llegir-a-infants-amb-autisme\/"},"author":{"name":"newWebsite","@id":"https:\/\/glifing.com\/#\/schema\/person\/0d8b4c23b988cf26bfb8d3852431aeed"},"headline":"Ensenyar a llegir a infants amb autisme","datePublished":"2024-04-22T12:25:44+00:00","dateModified":"2025-12-18T20:33:37+00:00","mainEntityOfPage":{"@id":"https:\/\/glifing.com\/ca\/blog\/ensenyar-a-llegir-a-infants-amb-autisme\/"},"wordCount":1327,"commentCount":0,"publisher":{"@id":"https:\/\/glifing.com\/#organization"},"image":{"@id":"https:\/\/glifing.com\/ca\/blog\/ensenyar-a-llegir-a-infants-amb-autisme\/#primaryimage"},"thumbnailUrl":"https:\/\/glifing.com\/wp-content\/uploads\/2024\/04\/2024.04-Portada-aticulo-AUTISMO-.png","keywords":["autisme","ensenyar a llegir a un infant auntista"],"articleSection":["Cas d'\u00e8xit","Problemes d'aprenentatge"],"inLanguage":"ca","potentialAction":[{"@type":"CommentAction","name":"Comment","target":["https:\/\/glifing.com\/ca\/blog\/ensenyar-a-llegir-a-infants-amb-autisme\/#respond"]}]},{"@type":["WebPage","ItemPage"],"@id":"https:\/\/glifing.com\/ca\/blog\/ensenyar-a-llegir-a-infants-amb-autisme\/","url":"https:\/\/glifing.com\/ca\/blog\/ensenyar-a-llegir-a-infants-amb-autisme\/","name":"Ensenyar a llegir a infants amb autisme - Glifing","isPartOf":{"@id":"https:\/\/glifing.com\/#website"},"primaryImageOfPage":{"@id":"https:\/\/glifing.com\/ca\/blog\/ensenyar-a-llegir-a-infants-amb-autisme\/#primaryimage"},"image":{"@id":"https:\/\/glifing.com\/ca\/blog\/ensenyar-a-llegir-a-infants-amb-autisme\/#primaryimage"},"thumbnailUrl":"https:\/\/glifing.com\/wp-content\/uploads\/2024\/04\/2024.04-Portada-aticulo-AUTISMO-.png","datePublished":"2024-04-22T12:25:44+00:00","dateModified":"2025-12-18T20:33:37+00:00","description":"Pablo \u00e9s un nen de 8 anys que va ser diagnosticat d'Autisme en el Centre d'Atenci\u00f3 Neuropsicol\u00f2gica Cognity, a Hondures. Li ensenyaren a llegir amb Glifing, perqu\u00e8 \u00e9s divertit per a ell, ho veu com un joc.","breadcrumb":{"@id":"https:\/\/glifing.com\/ca\/blog\/ensenyar-a-llegir-a-infants-amb-autisme\/#breadcrumb"},"inLanguage":"ca","potentialAction":[{"@type":"ReadAction","target":["https:\/\/glifing.com\/ca\/blog\/ensenyar-a-llegir-a-infants-amb-autisme\/"]}]},{"@type":"ImageObject","inLanguage":"ca","@id":"https:\/\/glifing.com\/ca\/blog\/ensenyar-a-llegir-a-infants-amb-autisme\/#primaryimage","url":"https:\/\/glifing.com\/wp-content\/uploads\/2024\/04\/2024.04-Portada-aticulo-AUTISMO-.png","contentUrl":"https:\/\/glifing.com\/wp-content\/uploads\/2024\/04\/2024.04-Portada-aticulo-AUTISMO-.png","width":1920,"height":1080,"caption":"Autismo"},{"@type":"BreadcrumbList","@id":"https:\/\/glifing.com\/ca\/blog\/ensenyar-a-llegir-a-infants-amb-autisme\/#breadcrumb","itemListElement":[{"@type":"ListItem","position":1,"name":"Portada","item":"https:\/\/glifing.com\/"},{"@type":"ListItem","position":2,"name":"Ensenyar a llegir a infants amb autisme"}]},{"@type":"WebSite","@id":"https:\/\/glifing.com\/#website","url":"https:\/\/glifing.com\/","name":"Glifing","description":"Entrenamiento de la lectura","publisher":{"@id":"https:\/\/glifing.com\/#organization"},"potentialAction":[{"@type":"SearchAction","target":{"@type":"EntryPoint","urlTemplate":"https:\/\/glifing.com\/?s={search_term_string}"},"query-input":{"@type":"PropertyValueSpecification","valueRequired":true,"valueName":"search_term_string"}}],"inLanguage":"ca"},{"@type":"Organization","@id":"https:\/\/glifing.com\/#organization","name":"Glifing","url":"https:\/\/glifing.com\/","logo":{"@type":"ImageObject","inLanguage":"ca","@id":"https:\/\/glifing.com\/#\/schema\/logo\/image\/","url":"https:\/\/glifing.com\/wp-content\/uploads\/2022\/04\/Logo-petit-Glifing-color-claim.png","contentUrl":"https:\/\/glifing.com\/wp-content\/uploads\/2022\/04\/Logo-petit-Glifing-color-claim.png","width":1000,"height":453,"caption":"Glifing"},"image":{"@id":"https:\/\/glifing.com\/#\/schema\/logo\/image\/"},"sameAs":["https:\/\/www.facebook.com\/glifing","https:\/\/x.com\/glifing","https:\/\/www.instagram.com\/glifing\/","https:\/\/www.youtube.com\/channel\/UCWRD45tUQSZ1ARcZt402WwA"]},{"@type":"Person","@id":"https:\/\/glifing.com\/#\/schema\/person\/0d8b4c23b988cf26bfb8d3852431aeed","name":"newWebsite","image":{"@type":"ImageObject","inLanguage":"ca","@id":"https:\/\/glifing.com\/#\/schema\/person\/image\/","url":"https:\/\/secure.gravatar.com\/avatar\/9b5ddd4de94b6e454756ba59a0913a50fda0b37673df7f8c00baae1efb9e100e?s=96&d=mm&r=g","contentUrl":"https:\/\/secure.gravatar.com\/avatar\/9b5ddd4de94b6e454756ba59a0913a50fda0b37673df7f8c00baae1efb9e100e?s=96&d=mm&r=g","caption":"newWebsite"},"url":"https:\/\/glifing.com\/ca\/blog\/author\/newwebsite\/"}]}},"_links":{"self":[{"href":"https:\/\/glifing.com\/ca\/wp-json\/wp\/v2\/posts\/15652","targetHints":{"allow":["GET"]}}],"collection":[{"href":"https:\/\/glifing.com\/ca\/wp-json\/wp\/v2\/posts"}],"about":[{"href":"https:\/\/glifing.com\/ca\/wp-json\/wp\/v2\/types\/post"}],"author":[{"embeddable":true,"href":"https:\/\/glifing.com\/ca\/wp-json\/wp\/v2\/users\/1"}],"replies":[{"embeddable":true,"href":"https:\/\/glifing.com\/ca\/wp-json\/wp\/v2\/comments?post=15652"}],"version-history":[{"count":8,"href":"https:\/\/glifing.com\/ca\/wp-json\/wp\/v2\/posts\/15652\/revisions"}],"predecessor-version":[{"id":23878,"href":"https:\/\/glifing.com\/ca\/wp-json\/wp\/v2\/posts\/15652\/revisions\/23878"}],"wp:featuredmedia":[{"embeddable":true,"href":"https:\/\/glifing.com\/ca\/wp-json\/wp\/v2\/media\/15646"}],"wp:attachment":[{"href":"https:\/\/glifing.com\/ca\/wp-json\/wp\/v2\/media?parent=15652"}],"wp:term":[{"taxonomy":"category","embeddable":true,"href":"https:\/\/glifing.com\/ca\/wp-json\/wp\/v2\/categories?post=15652"},{"taxonomy":"post_tag","embeddable":true,"href":"https:\/\/glifing.com\/ca\/wp-json\/wp\/v2\/tags?post=15652"}],"curies":[{"name":"wp","href":"https:\/\/api.w.org\/{rel}","templated":true}]}}