{"id":10836,"date":"2023-02-06T13:25:29","date_gmt":"2023-02-06T12:25:29","guid":{"rendered":"https:\/\/glifing.com\/glifing\/?p=10836"},"modified":"2024-12-17T11:56:52","modified_gmt":"2024-12-17T10:56:52","slug":"montserrat-garcia-entrevistada-al-diari-el-punt-avui","status":"publish","type":"post","link":"https:\/\/glifing.com\/ca\/blog\/montserrat-garcia-entrevistada-al-diari-el-punt-avui\/","title":{"rendered":"Montserrat Garcia, entrevistada al diari El Punt Avui"},"content":{"rendered":"\r\n<p>La periodista <strong>Laia Bruguera<\/strong>, redactora d\u2019educaci\u00f3 del diari <em>El Punt Avui<\/em>, va fer una entrevista a la Montserrat Garcia, creadora i fundadora de Glifing. L\u2019entrevista va sortir <strong>publicada el<\/strong> <strong>divendres 27 de gener de 2023 a la secci\u00f3 Protagonistes<\/strong> del diari en paper, i va ocupar tamb\u00e9 <strong>un espai a la portada<\/strong> i a la <a href=\"https:\/\/www.elpuntavui.cat\/societat\/article\/16-educacio\/2246914-cada-nen-treballa-al-ritme-que-li-cal.html\" target=\"_blank\" rel=\"noreferrer noopener\"><strong>versi\u00f3 digital del diari<\/strong><\/a>.<\/p>\r\n\r\n\r\n\r\n<p>A continuaci\u00f3, podeu llegir l\u2019entrevista completa:<\/p>\r\n\r\n\r\n\r\n<p><br \/><strong>Montserrat Garcia, fundadora de Glifing: \u00abCada infant treballa al ritme que li cal\u00bb.<\/strong><br \/>La psic\u00f2loga <strong>Montserrat Garcia<\/strong> \u00e9s la creadora del m\u00e8tode d\u2019aprenentatge i entrenament de la lectura Glifing. El va comen\u00e7ar a desenvolupar amb la Universitat de Barcelona (UB) per ajudar el seu fill disl\u00e8ctic i ben aviat es va adonar que servia per millorar la velocitat de lectura, la comprensi\u00f3 i la mem\u00f2ria de tots els infants, fos quin fos el seu nivell. Avui el fan servir escoles, gabinets de psicologia i fam\u00edlies de m\u00e9s de 20 pa\u00efsos. El m\u00e8tode acaba de ser reconegut pels premis <em>SEK Lab Awards<\/em> com una de les <em>start-ups<\/em> m\u00e9s innovadores en el camp de l\u2019educaci\u00f3.<\/p>\r\n\r\n\r\n\r\n<p><br \/><strong>-Amb sis anys, el seu fill petit li va preguntar qu\u00e8 havia de fer per treballar. No volia anar a l\u2019escola.<\/strong><br \/>Al Mario li va costar molt tota la prim\u00e0ria. Va fer classes de refor\u00e7 i vam estar molt ben atesos per l\u2019escola i les psicopedagogues amb qui vam treballar, per\u00f2 no va ser suficient. Ten\u00edem el diagn\u00f2stic de bloqueig emocional, per\u00f2 molts cops es confon la conseq\u00fc\u00e8ncia amb la causa. El bloqueig era el resultat del seu patiment, de veure que no se\u2019n sortia en les tasques que li demanaven. Quan va fer els deu anys, per fi vam tenir el diagn\u00f2stic de disl\u00e8xia i \u00e9s llavors quan ens vam poder centrar en el problema de base. Com que tenia problemes amb el proc\u00e9s de descodificaci\u00f3 lectora, va arribar a sis\u00e8 de prim\u00e0ria llegint com un nen de primer. Aix\u00f2 provoca molt patiment i una autoestima per terra.<br \/><br \/><strong>-I va idear un sistema per treballar la lectura. Com va ser?<\/strong><br \/>Vaig tenir la sort que a la Universitat de Barcelona (UB) em van ajudar molt i van liderar aquell projecte. Jo hi vaig arribar amb un problema, i aquest va ser el motor, el detonant. A la UB vaig trobar el lloc on accedir a tots els documents cient\u00edfics per\u00f2 de manera filtrada, amb una guia. I vam tirar endavant un m\u00e8tode d\u2019entrenament lector perqu\u00e8 gr\u00e0cies a la ci\u00e8ncia sab\u00edem millor que mai com llegia el cervell, coneix\u00edem i diagnostic\u00e0vem les dificultats d\u2019aprenentatge tamb\u00e9 millor que mai i a m\u00e9s ten\u00edem les noves tecnologies que ens permetien oferir un format agradable i, el m\u00e9s important, totalment personalitzat. Els llibres s\u00f3n els mateixos per a tots, Glifing \u00e9s el llibre de Harry Potter, i \u00e9s diferent en funci\u00f3 de qui l\u2019obri, perqu\u00e8 cadasc\u00fa rebr\u00e0 les sessions i tamb\u00e9 el contingut que necessita: si tens un infant de sis\u00e8 que llegeix com un de primer, no li pots posar la <em>Caputxeta vermella<\/em>.<\/p>\r\n<p>&nbsp;<\/p>\r\n<p style=\"text-align: center;\"><strong>Glifing una de les millors eines per ensenyar a llegir<\/strong><\/p>\r\n<p><a href=\"https:\/\/lectura.glifing.com\/Demo-Glifing-gratis-ca\" target=\"_blank\" rel=\"noopener\"><img decoding=\"async\" class=\"size-medium wp-image-16729 aligncenter\" src=\"https:\/\/glifing.com\/glifing\/wp-content\/uploads\/2021\/07\/DEMO-SESIONES-GRATIS-CAT-300x67.png\" alt=\"Demo sessions Glifing gratis\" width=\"300\" height=\"67\" srcset=\"https:\/\/glifing.com\/wp-content\/uploads\/2021\/07\/DEMO-SESIONES-GRATIS-CAT-300x67.png 300w, https:\/\/glifing.com\/wp-content\/uploads\/2021\/07\/DEMO-SESIONES-GRATIS-CAT-1024x227.png 1024w, https:\/\/glifing.com\/wp-content\/uploads\/2021\/07\/DEMO-SESIONES-GRATIS-CAT-768x170.png 768w, https:\/\/glifing.com\/wp-content\/uploads\/2021\/07\/DEMO-SESIONES-GRATIS-CAT-1536x341.png 1536w, https:\/\/glifing.com\/wp-content\/uploads\/2021\/07\/DEMO-SESIONES-GRATIS-CAT-600x133.png 600w, https:\/\/glifing.com\/wp-content\/uploads\/2021\/07\/DEMO-SESIONES-GRATIS-CAT.png 2000w\" sizes=\"(max-width: 300px) 100vw, 300px\" \/><\/a><\/p>\r\n\r\n\r\n\r\n<p>&nbsp;<\/p>\r\n<p>&nbsp;<\/p>\r\n<p><strong><img fetchpriority=\"high\" decoding=\"async\" class=\"alignleft size-medium wp-image-10834\" src=\"https:\/\/glifing.com\/glifing\/wp-content\/uploads\/2023\/02\/Imagen-BLOG-articulo-PUNT-AVUI-2023.1-300x181.png\" alt=\"Montserrat Garcia Glifing El Punt Avui\" width=\"300\" height=\"181\" srcset=\"https:\/\/glifing.com\/wp-content\/uploads\/2023\/02\/Imagen-BLOG-articulo-PUNT-AVUI-2023.1-300x181.png 300w, https:\/\/glifing.com\/wp-content\/uploads\/2023\/02\/Imagen-BLOG-articulo-PUNT-AVUI-2023.1-600x362.png 600w, https:\/\/glifing.com\/wp-content\/uploads\/2023\/02\/Imagen-BLOG-articulo-PUNT-AVUI-2023.1-1024x617.png 1024w, https:\/\/glifing.com\/wp-content\/uploads\/2023\/02\/Imagen-BLOG-articulo-PUNT-AVUI-2023.1-768x463.png 768w, https:\/\/glifing.com\/wp-content\/uploads\/2023\/02\/Imagen-BLOG-articulo-PUNT-AVUI-2023.1-1536x926.png 1536w, https:\/\/glifing.com\/wp-content\/uploads\/2023\/02\/Imagen-BLOG-articulo-PUNT-AVUI-2023.1.png 2000w\" sizes=\"(max-width: 300px) 100vw, 300px\" \/>-La lectura s\u2019entrena amb jocs d\u2019ordinador. Per qu\u00e8?<\/strong><br \/>El Mario, com tants altres infants amb problemes a l\u2019escola, estava enrabiat amb tot el que era acad\u00e8mic, aix\u00ed que la manera de captar el seu inter\u00e8s era oferint-l\u2019hi en format digital. La idea era que li demanar\u00edem un esfor\u00e7 important perqu\u00e8 li far\u00edem llegir coses que no llegia b\u00e9 i li anir\u00edem demanant una mica m\u00e9s cada vegada, per\u00f2 com a m\u00ednim li donar\u00edem en un format que no li gener\u00e9s rebuig sin\u00f3 tot el contrari.<br \/><br \/><strong>-Quan va veure que aquell sistema podia ajudar molts altres infants?<\/strong><br \/>A la meitat del seu entrenament, el meu fill va fer un salt impressionant. Ni m\u2019ho creia. Ho vam provar amb nens i nenes amb dificultats de diverses escoles de Barcelona i vam confirmar que funcionava. I de seguida vam decidir fer material no nom\u00e9s per als que es quedaven encallats sin\u00f3 per a tots, tamb\u00e9 per als que tiraven milles. Aix\u00ed tamb\u00e9 treballem la inclusivitat, perqu\u00e8 ja no tens infants amb problemes que surten de l\u2019aula per fer refor\u00e7 sin\u00f3 que estan tots treballant la lectura, cadasc\u00fa amb el ritme que necessita. Aix\u00f2 \u00e9s just\u00edcia.<br \/><br \/><strong>-Les dificultats de lectura expliquen fins al 60 % del frac\u00e0s escolar. En som prou conscients?<\/strong><br \/>Crec que cada cop en som m\u00e9s conscients, una altra cosa \u00e9s que hi vulguem posar remei o no. Les escoles haurien de tenir lliure acc\u00e9s a un sistema com aquest, que \u00e9s molt barat, per\u00f2 costa que l\u2019administraci\u00f3 faci un cop de cap.<\/p>\r\n\r\n\r\n\r\n<p><br \/><strong>-El Ministeri d\u2019Educaci\u00f3 de Xile us va contractar.<\/strong><br \/>S\u00ed, en \u00e8poca de pand\u00e8mia, per atendre 10.000 infants. Aquest any tamb\u00e9 l\u2019Administraci\u00f3 p\u00fablica argentina ha posat en marxa el sistema per a 12.000 nens i nenes amb dificultats de lectura. Sap greu que administracions externes confi\u00efn en nosaltres i al pa\u00eds propi no ens estigui passant. A casa nostra est\u00e0 triomfant un sistema d\u2019aprenentatge de matem\u00e0tiques tamb\u00e9 amb jocs d\u2019ordinador. Crec que el que passa \u00e9s que tothom creu que est\u00e0 capacitat per ensenyar a llegir. Per\u00f2 si fos tan f\u00e0cil no tindr\u00edem que entre un 30 % i un 50 % dels infants llegeixen per sota o molt per sota del que haurien de llegir. I \u00e9s la base de molts problemes. Hi ha vegades que infants que no saben llegir passen inadvertits i el professorat no ho detecta, com en el cas dels infants molt intel\u00b7ligents, perqu\u00e8 tenen recursos i ho van trampejant, per\u00f2 els problemes hi s\u00f3n i tenen conseq\u00fc\u00e8ncies importants.<\/p>\r\n\r\n\r\n\r\n<p><br \/><strong>-I qu\u00e8 diria als pares que creuen que a les aules hi ha massa pantalles?<\/strong><br \/>Un ganivet pot matar i no per aix\u00f2 deixes d\u2019ensenyar al teu fill com es fa servir. Eines com la nostra i altres programes educatius s\u00f3n la millor manera d\u2019aprendre a fer servir les noves tecnologies. No creen addicci\u00f3 sin\u00f3 que simplement fan el cam\u00ed de l\u2019aprenentatge tan plaent com sigui possible i sobretot de manera totalment personalitzada, cosa que dona a cadasc\u00fa exactament all\u00f2 que necessita.<\/p>\r\n\r\n\r\n\r\n<figure class=\"wp-block-image size-full\"><img decoding=\"async\" width=\"544\" height=\"176\" class=\"wp-image-10837 aligncenter\" src=\"https:\/\/glifing.com\/glifing\/wp-content\/uploads\/2023\/02\/text_mario_cat.jpg\" alt=\"\" srcset=\"https:\/\/glifing.com\/wp-content\/uploads\/2023\/02\/text_mario_cat.jpg 544w, https:\/\/glifing.com\/wp-content\/uploads\/2023\/02\/text_mario_cat-300x97.jpg 300w\" sizes=\"(max-width: 544px) 100vw, 544px\" \/><\/figure>\r\n<p>&nbsp;<\/p>\r\n<p>&nbsp;<\/p>\r\n<p>Vols saber-ne m\u00e9s de Glifing? <span style=\"color: #ff9900;\"><a style=\"color: #ff9900;\" href=\"https:\/\/glifing.com\/glifing\/ca\/contacte-cat\/\" target=\"_blank\" rel=\"noopener\">contacta amb nosaltres<\/a><\/span><\/p>\r\n","protected":false},"excerpt":{"rendered":"<p>La periodista Laia Bruguera, redactora d\u2019educaci\u00f3 del diari El Punt Avui, va fer una entrevista a la Montserrat Garcia, creadora i fundadora de Glifing. L\u2019entrevista va sortir publicada el divendres 27 de gener de 2023 a la secci\u00f3 Protagonistes del diari en paper, i va ocupar tamb\u00e9 un espai a la portada i a la [&hellip;]<\/p>\n","protected":false},"author":1,"featured_media":10834,"comment_status":"open","ping_status":"open","sticky":false,"template":"","format":"standard","meta":{"_acf_changed":false,"_monsterinsights_skip_tracking":false,"_monsterinsights_sitenote_active":false,"_monsterinsights_sitenote_note":"","_monsterinsights_sitenote_category":0,"ocean_post_layout":"","ocean_both_sidebars_style":"","ocean_both_sidebars_content_width":0,"ocean_both_sidebars_sidebars_width":0,"ocean_sidebar":"0","ocean_second_sidebar":"0","ocean_disable_margins":"enable","ocean_add_body_class":"","ocean_shortcode_before_top_bar":"","ocean_shortcode_after_top_bar":"","ocean_shortcode_before_header":"","ocean_shortcode_after_header":"","ocean_has_shortcode":"","ocean_shortcode_after_title":"","ocean_shortcode_before_footer_widgets":"","ocean_shortcode_after_footer_widgets":"","ocean_shortcode_before_footer_bottom":"","ocean_shortcode_after_footer_bottom":"","ocean_display_top_bar":"default","ocean_display_header":"default","ocean_header_style":"","ocean_center_header_left_menu":"0","ocean_custom_header_template":"0","ocean_custom_logo":0,"ocean_custom_retina_logo":0,"ocean_custom_logo_max_width":0,"ocean_custom_logo_tablet_max_width":0,"ocean_custom_logo_mobile_max_width":0,"ocean_custom_logo_max_height":0,"ocean_custom_logo_tablet_max_height":0,"ocean_custom_logo_mobile_max_height":0,"ocean_header_custom_menu":"0","ocean_menu_typo_font_family":"0","ocean_menu_typo_font_subset":"","ocean_menu_typo_font_size":0,"ocean_menu_typo_font_size_tablet":0,"ocean_menu_typo_font_size_mobile":0,"ocean_menu_typo_font_size_unit":"px","ocean_menu_typo_font_weight":"","ocean_menu_typo_font_weight_tablet":"","ocean_menu_typo_font_weight_mobile":"","ocean_menu_typo_transform":"","ocean_menu_typo_transform_tablet":"","ocean_menu_typo_transform_mobile":"","ocean_menu_typo_line_height":0,"ocean_menu_typo_line_height_tablet":0,"ocean_menu_typo_line_height_mobile":0,"ocean_menu_typo_line_height_unit":"","ocean_menu_typo_spacing":0,"ocean_menu_typo_spacing_tablet":0,"ocean_menu_typo_spacing_mobile":0,"ocean_menu_typo_spacing_unit":"","ocean_menu_link_color":"","ocean_menu_link_color_hover":"","ocean_menu_link_color_active":"","ocean_menu_link_background":"","ocean_menu_link_hover_background":"","ocean_menu_link_active_background":"","ocean_menu_social_links_bg":"","ocean_menu_social_hover_links_bg":"","ocean_menu_social_links_color":"","ocean_menu_social_hover_links_color":"","ocean_disable_title":"default","ocean_disable_heading":"default","ocean_post_title":"","ocean_post_subheading":"","ocean_post_title_style":"","ocean_post_title_background_color":"","ocean_post_title_background":0,"ocean_post_title_bg_image_position":"","ocean_post_title_bg_image_attachment":"","ocean_post_title_bg_image_repeat":"","ocean_post_title_bg_image_size":"","ocean_post_title_height":0,"ocean_post_title_bg_overlay":0.5,"ocean_post_title_bg_overlay_color":"","ocean_disable_breadcrumbs":"default","ocean_breadcrumbs_color":"","ocean_breadcrumbs_separator_color":"","ocean_breadcrumbs_links_color":"","ocean_breadcrumbs_links_hover_color":"","ocean_display_footer_widgets":"default","ocean_display_footer_bottom":"default","ocean_custom_footer_template":"0","ocean_post_oembed":"","ocean_post_self_hosted_media":"","ocean_post_video_embed":"","ocean_link_format":"","ocean_link_format_target":"self","ocean_quote_format":"","ocean_quote_format_link":"post","ocean_gallery_link_images":"off","ocean_gallery_id":[],"footnotes":""},"categories":[234],"tags":[],"class_list":["post-10836","post","type-post","status-publish","format-standard","has-post-thumbnail","hentry","category-mitjans","entry","has-media","owp-thumbs-layout-horizontal","owp-btn-normal","owp-tabs-layout-horizontal","has-no-thumbnails","has-product-nav"],"acf":[],"yoast_head":"<!-- This site is optimized with the Yoast SEO Premium plugin v23.7 (Yoast SEO v26.9) - https:\/\/yoast.com\/product\/yoast-seo-premium-wordpress\/ -->\n<title>Montserrat Garcia, entrevistada al diari El Punt Avui - Glifing<\/title>\n<meta name=\"description\" content=\"Laia Bruguera, redactora d\u2019educaci\u00f3 del diari El Punt Avui, va fer una entrevista a la Montserrat Garcia, creadora i fundadora de Glifing.\" \/>\n<meta name=\"robots\" content=\"index, follow, max-snippet:-1, max-image-preview:large, max-video-preview:-1\" \/>\n<link rel=\"canonical\" href=\"https:\/\/glifing.com\/ca\/blog\/montserrat-garcia-entrevistada-al-diari-el-punt-avui\/\" \/>\n<meta property=\"og:locale\" content=\"ca_ES\" \/>\n<meta property=\"og:type\" content=\"article\" \/>\n<meta property=\"og:title\" content=\"Montserrat Garcia, entrevistada al diari El Punt Avui\" \/>\n<meta property=\"og:description\" content=\"Laia Bruguera, redactora d\u2019educaci\u00f3 del diari El Punt Avui, va fer una entrevista a la Montserrat Garcia, creadora i fundadora de Glifing.\" \/>\n<meta property=\"og:url\" content=\"https:\/\/glifing.com\/ca\/blog\/montserrat-garcia-entrevistada-al-diari-el-punt-avui\/\" \/>\n<meta property=\"og:site_name\" content=\"Glifing\" \/>\n<meta property=\"article:publisher\" content=\"https:\/\/www.facebook.com\/glifing\" \/>\n<meta property=\"article:published_time\" content=\"2023-02-06T12:25:29+00:00\" \/>\n<meta property=\"article:modified_time\" content=\"2024-12-17T10:56:52+00:00\" \/>\n<meta property=\"og:image\" content=\"https:\/\/glifing.com\/wp-content\/uploads\/2023\/02\/Imagen-BLOG-articulo-PUNT-AVUI-2023.1.png\" \/>\n\t<meta property=\"og:image:width\" content=\"2000\" \/>\n\t<meta property=\"og:image:height\" content=\"1206\" \/>\n\t<meta property=\"og:image:type\" content=\"image\/png\" \/>\n<meta name=\"author\" content=\"newWebsite\" \/>\n<meta name=\"twitter:card\" content=\"summary_large_image\" \/>\n<meta name=\"twitter:creator\" content=\"@glifing\" \/>\n<meta name=\"twitter:site\" content=\"@glifing\" \/>\n<meta name=\"twitter:label1\" content=\"Escrit per\" \/>\n\t<meta name=\"twitter:data1\" content=\"newWebsite\" \/>\n\t<meta name=\"twitter:label2\" content=\"Temps estimat de lectura\" \/>\n\t<meta name=\"twitter:data2\" content=\"6 minuts\" \/>\n<script type=\"application\/ld+json\" class=\"yoast-schema-graph\">{\"@context\":\"https:\/\/schema.org\",\"@graph\":[{\"@type\":[\"Article\",\"BlogPosting\"],\"@id\":\"https:\/\/glifing.com\/ca\/blog\/montserrat-garcia-entrevistada-al-diari-el-punt-avui\/#article\",\"isPartOf\":{\"@id\":\"https:\/\/glifing.com\/ca\/blog\/montserrat-garcia-entrevistada-al-diari-el-punt-avui\/\"},\"author\":{\"name\":\"newWebsite\",\"@id\":\"https:\/\/glifing.com\/#\/schema\/person\/0d8b4c23b988cf26bfb8d3852431aeed\"},\"headline\":\"Montserrat Garcia, entrevistada al diari El Punt Avui\",\"datePublished\":\"2023-02-06T12:25:29+00:00\",\"dateModified\":\"2024-12-17T10:56:52+00:00\",\"mainEntityOfPage\":{\"@id\":\"https:\/\/glifing.com\/ca\/blog\/montserrat-garcia-entrevistada-al-diari-el-punt-avui\/\"},\"wordCount\":1096,\"commentCount\":0,\"publisher\":{\"@id\":\"https:\/\/glifing.com\/#organization\"},\"image\":{\"@id\":\"https:\/\/glifing.com\/ca\/blog\/montserrat-garcia-entrevistada-al-diari-el-punt-avui\/#primaryimage\"},\"thumbnailUrl\":\"https:\/\/glifing.com\/wp-content\/uploads\/2023\/02\/Imagen-BLOG-articulo-PUNT-AVUI-2023.1.png\",\"articleSection\":[\"Mitjans\"],\"inLanguage\":\"ca\",\"potentialAction\":[{\"@type\":\"CommentAction\",\"name\":\"Comment\",\"target\":[\"https:\/\/glifing.com\/ca\/blog\/montserrat-garcia-entrevistada-al-diari-el-punt-avui\/#respond\"]}]},{\"@type\":[\"WebPage\",\"ItemPage\"],\"@id\":\"https:\/\/glifing.com\/ca\/blog\/montserrat-garcia-entrevistada-al-diari-el-punt-avui\/\",\"url\":\"https:\/\/glifing.com\/ca\/blog\/montserrat-garcia-entrevistada-al-diari-el-punt-avui\/\",\"name\":\"Montserrat Garcia, entrevistada al diari El Punt Avui - Glifing\",\"isPartOf\":{\"@id\":\"https:\/\/glifing.com\/#website\"},\"primaryImageOfPage\":{\"@id\":\"https:\/\/glifing.com\/ca\/blog\/montserrat-garcia-entrevistada-al-diari-el-punt-avui\/#primaryimage\"},\"image\":{\"@id\":\"https:\/\/glifing.com\/ca\/blog\/montserrat-garcia-entrevistada-al-diari-el-punt-avui\/#primaryimage\"},\"thumbnailUrl\":\"https:\/\/glifing.com\/wp-content\/uploads\/2023\/02\/Imagen-BLOG-articulo-PUNT-AVUI-2023.1.png\",\"datePublished\":\"2023-02-06T12:25:29+00:00\",\"dateModified\":\"2024-12-17T10:56:52+00:00\",\"description\":\"Laia Bruguera, redactora d\u2019educaci\u00f3 del diari El Punt Avui, va fer una entrevista a la Montserrat Garcia, creadora i fundadora de Glifing.\",\"breadcrumb\":{\"@id\":\"https:\/\/glifing.com\/ca\/blog\/montserrat-garcia-entrevistada-al-diari-el-punt-avui\/#breadcrumb\"},\"inLanguage\":\"ca\",\"potentialAction\":[{\"@type\":\"ReadAction\",\"target\":[\"https:\/\/glifing.com\/ca\/blog\/montserrat-garcia-entrevistada-al-diari-el-punt-avui\/\"]}]},{\"@type\":\"ImageObject\",\"inLanguage\":\"ca\",\"@id\":\"https:\/\/glifing.com\/ca\/blog\/montserrat-garcia-entrevistada-al-diari-el-punt-avui\/#primaryimage\",\"url\":\"https:\/\/glifing.com\/wp-content\/uploads\/2023\/02\/Imagen-BLOG-articulo-PUNT-AVUI-2023.1.png\",\"contentUrl\":\"https:\/\/glifing.com\/wp-content\/uploads\/2023\/02\/Imagen-BLOG-articulo-PUNT-AVUI-2023.1.png\",\"width\":2000,\"height\":1206,\"caption\":\"Montserrat Garcia Glifing El Punt Avui\"},{\"@type\":\"BreadcrumbList\",\"@id\":\"https:\/\/glifing.com\/ca\/blog\/montserrat-garcia-entrevistada-al-diari-el-punt-avui\/#breadcrumb\",\"itemListElement\":[{\"@type\":\"ListItem\",\"position\":1,\"name\":\"Portada\",\"item\":\"https:\/\/glifing.com\/\"},{\"@type\":\"ListItem\",\"position\":2,\"name\":\"Montserrat Garcia, entrevistada al diari El Punt Avui\"}]},{\"@type\":\"WebSite\",\"@id\":\"https:\/\/glifing.com\/#website\",\"url\":\"https:\/\/glifing.com\/\",\"name\":\"Glifing\",\"description\":\"Entrenamiento de la lectura\",\"publisher\":{\"@id\":\"https:\/\/glifing.com\/#organization\"},\"potentialAction\":[{\"@type\":\"SearchAction\",\"target\":{\"@type\":\"EntryPoint\",\"urlTemplate\":\"https:\/\/glifing.com\/?s={search_term_string}\"},\"query-input\":{\"@type\":\"PropertyValueSpecification\",\"valueRequired\":true,\"valueName\":\"search_term_string\"}}],\"inLanguage\":\"ca\"},{\"@type\":\"Organization\",\"@id\":\"https:\/\/glifing.com\/#organization\",\"name\":\"Glifing\",\"url\":\"https:\/\/glifing.com\/\",\"logo\":{\"@type\":\"ImageObject\",\"inLanguage\":\"ca\",\"@id\":\"https:\/\/glifing.com\/#\/schema\/logo\/image\/\",\"url\":\"https:\/\/glifing.com\/wp-content\/uploads\/2022\/04\/Logo-petit-Glifing-color-claim.png\",\"contentUrl\":\"https:\/\/glifing.com\/wp-content\/uploads\/2022\/04\/Logo-petit-Glifing-color-claim.png\",\"width\":1000,\"height\":453,\"caption\":\"Glifing\"},\"image\":{\"@id\":\"https:\/\/glifing.com\/#\/schema\/logo\/image\/\"},\"sameAs\":[\"https:\/\/www.facebook.com\/glifing\",\"https:\/\/x.com\/glifing\",\"https:\/\/www.instagram.com\/glifing\/\",\"https:\/\/www.youtube.com\/channel\/UCWRD45tUQSZ1ARcZt402WwA\"]},{\"@type\":\"Person\",\"@id\":\"https:\/\/glifing.com\/#\/schema\/person\/0d8b4c23b988cf26bfb8d3852431aeed\",\"name\":\"newWebsite\",\"image\":{\"@type\":\"ImageObject\",\"inLanguage\":\"ca\",\"@id\":\"https:\/\/glifing.com\/#\/schema\/person\/image\/\",\"url\":\"https:\/\/secure.gravatar.com\/avatar\/9b5ddd4de94b6e454756ba59a0913a50fda0b37673df7f8c00baae1efb9e100e?s=96&d=mm&r=g\",\"contentUrl\":\"https:\/\/secure.gravatar.com\/avatar\/9b5ddd4de94b6e454756ba59a0913a50fda0b37673df7f8c00baae1efb9e100e?s=96&d=mm&r=g\",\"caption\":\"newWebsite\"},\"url\":\"https:\/\/glifing.com\/ca\/blog\/author\/newwebsite\/\"}]}<\/script>\n<!-- \/ Yoast SEO Premium plugin. -->","yoast_head_json":{"title":"Montserrat Garcia, entrevistada al diari El Punt Avui - Glifing","description":"Laia Bruguera, redactora d\u2019educaci\u00f3 del diari El Punt Avui, va fer una entrevista a la Montserrat Garcia, creadora i fundadora de Glifing.","robots":{"index":"index","follow":"follow","max-snippet":"max-snippet:-1","max-image-preview":"max-image-preview:large","max-video-preview":"max-video-preview:-1"},"canonical":"https:\/\/glifing.com\/ca\/blog\/montserrat-garcia-entrevistada-al-diari-el-punt-avui\/","og_locale":"ca_ES","og_type":"article","og_title":"Montserrat Garcia, entrevistada al diari El Punt Avui","og_description":"Laia Bruguera, redactora d\u2019educaci\u00f3 del diari El Punt Avui, va fer una entrevista a la Montserrat Garcia, creadora i fundadora de Glifing.","og_url":"https:\/\/glifing.com\/ca\/blog\/montserrat-garcia-entrevistada-al-diari-el-punt-avui\/","og_site_name":"Glifing","article_publisher":"https:\/\/www.facebook.com\/glifing","article_published_time":"2023-02-06T12:25:29+00:00","article_modified_time":"2024-12-17T10:56:52+00:00","og_image":[{"width":2000,"height":1206,"url":"https:\/\/glifing.com\/wp-content\/uploads\/2023\/02\/Imagen-BLOG-articulo-PUNT-AVUI-2023.1.png","type":"image\/png"}],"author":"newWebsite","twitter_card":"summary_large_image","twitter_creator":"@glifing","twitter_site":"@glifing","twitter_misc":{"Escrit per":"newWebsite","Temps estimat de lectura":"6 minuts"},"schema":{"@context":"https:\/\/schema.org","@graph":[{"@type":["Article","BlogPosting"],"@id":"https:\/\/glifing.com\/ca\/blog\/montserrat-garcia-entrevistada-al-diari-el-punt-avui\/#article","isPartOf":{"@id":"https:\/\/glifing.com\/ca\/blog\/montserrat-garcia-entrevistada-al-diari-el-punt-avui\/"},"author":{"name":"newWebsite","@id":"https:\/\/glifing.com\/#\/schema\/person\/0d8b4c23b988cf26bfb8d3852431aeed"},"headline":"Montserrat Garcia, entrevistada al diari El Punt Avui","datePublished":"2023-02-06T12:25:29+00:00","dateModified":"2024-12-17T10:56:52+00:00","mainEntityOfPage":{"@id":"https:\/\/glifing.com\/ca\/blog\/montserrat-garcia-entrevistada-al-diari-el-punt-avui\/"},"wordCount":1096,"commentCount":0,"publisher":{"@id":"https:\/\/glifing.com\/#organization"},"image":{"@id":"https:\/\/glifing.com\/ca\/blog\/montserrat-garcia-entrevistada-al-diari-el-punt-avui\/#primaryimage"},"thumbnailUrl":"https:\/\/glifing.com\/wp-content\/uploads\/2023\/02\/Imagen-BLOG-articulo-PUNT-AVUI-2023.1.png","articleSection":["Mitjans"],"inLanguage":"ca","potentialAction":[{"@type":"CommentAction","name":"Comment","target":["https:\/\/glifing.com\/ca\/blog\/montserrat-garcia-entrevistada-al-diari-el-punt-avui\/#respond"]}]},{"@type":["WebPage","ItemPage"],"@id":"https:\/\/glifing.com\/ca\/blog\/montserrat-garcia-entrevistada-al-diari-el-punt-avui\/","url":"https:\/\/glifing.com\/ca\/blog\/montserrat-garcia-entrevistada-al-diari-el-punt-avui\/","name":"Montserrat Garcia, entrevistada al diari El Punt Avui - Glifing","isPartOf":{"@id":"https:\/\/glifing.com\/#website"},"primaryImageOfPage":{"@id":"https:\/\/glifing.com\/ca\/blog\/montserrat-garcia-entrevistada-al-diari-el-punt-avui\/#primaryimage"},"image":{"@id":"https:\/\/glifing.com\/ca\/blog\/montserrat-garcia-entrevistada-al-diari-el-punt-avui\/#primaryimage"},"thumbnailUrl":"https:\/\/glifing.com\/wp-content\/uploads\/2023\/02\/Imagen-BLOG-articulo-PUNT-AVUI-2023.1.png","datePublished":"2023-02-06T12:25:29+00:00","dateModified":"2024-12-17T10:56:52+00:00","description":"Laia Bruguera, redactora d\u2019educaci\u00f3 del diari El Punt Avui, va fer una entrevista a la Montserrat Garcia, creadora i fundadora de Glifing.","breadcrumb":{"@id":"https:\/\/glifing.com\/ca\/blog\/montserrat-garcia-entrevistada-al-diari-el-punt-avui\/#breadcrumb"},"inLanguage":"ca","potentialAction":[{"@type":"ReadAction","target":["https:\/\/glifing.com\/ca\/blog\/montserrat-garcia-entrevistada-al-diari-el-punt-avui\/"]}]},{"@type":"ImageObject","inLanguage":"ca","@id":"https:\/\/glifing.com\/ca\/blog\/montserrat-garcia-entrevistada-al-diari-el-punt-avui\/#primaryimage","url":"https:\/\/glifing.com\/wp-content\/uploads\/2023\/02\/Imagen-BLOG-articulo-PUNT-AVUI-2023.1.png","contentUrl":"https:\/\/glifing.com\/wp-content\/uploads\/2023\/02\/Imagen-BLOG-articulo-PUNT-AVUI-2023.1.png","width":2000,"height":1206,"caption":"Montserrat Garcia Glifing El Punt Avui"},{"@type":"BreadcrumbList","@id":"https:\/\/glifing.com\/ca\/blog\/montserrat-garcia-entrevistada-al-diari-el-punt-avui\/#breadcrumb","itemListElement":[{"@type":"ListItem","position":1,"name":"Portada","item":"https:\/\/glifing.com\/"},{"@type":"ListItem","position":2,"name":"Montserrat Garcia, entrevistada al diari El Punt Avui"}]},{"@type":"WebSite","@id":"https:\/\/glifing.com\/#website","url":"https:\/\/glifing.com\/","name":"Glifing","description":"Entrenamiento de la lectura","publisher":{"@id":"https:\/\/glifing.com\/#organization"},"potentialAction":[{"@type":"SearchAction","target":{"@type":"EntryPoint","urlTemplate":"https:\/\/glifing.com\/?s={search_term_string}"},"query-input":{"@type":"PropertyValueSpecification","valueRequired":true,"valueName":"search_term_string"}}],"inLanguage":"ca"},{"@type":"Organization","@id":"https:\/\/glifing.com\/#organization","name":"Glifing","url":"https:\/\/glifing.com\/","logo":{"@type":"ImageObject","inLanguage":"ca","@id":"https:\/\/glifing.com\/#\/schema\/logo\/image\/","url":"https:\/\/glifing.com\/wp-content\/uploads\/2022\/04\/Logo-petit-Glifing-color-claim.png","contentUrl":"https:\/\/glifing.com\/wp-content\/uploads\/2022\/04\/Logo-petit-Glifing-color-claim.png","width":1000,"height":453,"caption":"Glifing"},"image":{"@id":"https:\/\/glifing.com\/#\/schema\/logo\/image\/"},"sameAs":["https:\/\/www.facebook.com\/glifing","https:\/\/x.com\/glifing","https:\/\/www.instagram.com\/glifing\/","https:\/\/www.youtube.com\/channel\/UCWRD45tUQSZ1ARcZt402WwA"]},{"@type":"Person","@id":"https:\/\/glifing.com\/#\/schema\/person\/0d8b4c23b988cf26bfb8d3852431aeed","name":"newWebsite","image":{"@type":"ImageObject","inLanguage":"ca","@id":"https:\/\/glifing.com\/#\/schema\/person\/image\/","url":"https:\/\/secure.gravatar.com\/avatar\/9b5ddd4de94b6e454756ba59a0913a50fda0b37673df7f8c00baae1efb9e100e?s=96&d=mm&r=g","contentUrl":"https:\/\/secure.gravatar.com\/avatar\/9b5ddd4de94b6e454756ba59a0913a50fda0b37673df7f8c00baae1efb9e100e?s=96&d=mm&r=g","caption":"newWebsite"},"url":"https:\/\/glifing.com\/ca\/blog\/author\/newwebsite\/"}]}},"_links":{"self":[{"href":"https:\/\/glifing.com\/ca\/wp-json\/wp\/v2\/posts\/10836","targetHints":{"allow":["GET"]}}],"collection":[{"href":"https:\/\/glifing.com\/ca\/wp-json\/wp\/v2\/posts"}],"about":[{"href":"https:\/\/glifing.com\/ca\/wp-json\/wp\/v2\/types\/post"}],"author":[{"embeddable":true,"href":"https:\/\/glifing.com\/ca\/wp-json\/wp\/v2\/users\/1"}],"replies":[{"embeddable":true,"href":"https:\/\/glifing.com\/ca\/wp-json\/wp\/v2\/comments?post=10836"}],"version-history":[{"count":5,"href":"https:\/\/glifing.com\/ca\/wp-json\/wp\/v2\/posts\/10836\/revisions"}],"predecessor-version":[{"id":19393,"href":"https:\/\/glifing.com\/ca\/wp-json\/wp\/v2\/posts\/10836\/revisions\/19393"}],"wp:featuredmedia":[{"embeddable":true,"href":"https:\/\/glifing.com\/ca\/wp-json\/wp\/v2\/media\/10834"}],"wp:attachment":[{"href":"https:\/\/glifing.com\/ca\/wp-json\/wp\/v2\/media?parent=10836"}],"wp:term":[{"taxonomy":"category","embeddable":true,"href":"https:\/\/glifing.com\/ca\/wp-json\/wp\/v2\/categories?post=10836"},{"taxonomy":"post_tag","embeddable":true,"href":"https:\/\/glifing.com\/ca\/wp-json\/wp\/v2\/tags?post=10836"}],"curies":[{"name":"wp","href":"https:\/\/api.w.org\/{rel}","templated":true}]}}